{"id":124,"date":"2025-01-24T10:05:24","date_gmt":"2025-01-24T10:05:24","guid":{"rendered":"http:\/\/filiapajeczno.bpsieradz.pl\/?p=124"},"modified":"2025-09-01T09:16:55","modified_gmt":"2025-09-01T09:16:55","slug":"o-bibliotece","status":"publish","type":"post","link":"https:\/\/filiapajeczno.bpsieradz.pl\/index.php\/2025\/01\/24\/o-bibliotece\/","title":{"rendered":"Historia, tradycja, zmiany i rozw\u00f3j od 1951 roku"},"content":{"rendered":"\n<h2 class=\"wp-block-heading\"><strong>Centrum Rozwoju Edukacji Wojew\u00f3dztwa \u0141\u00f3dzkiego Biblioteka Pedagogiczna w Sieradzu Filia w Paj\u0119cznie<\/strong><\/h2>\n\n\n\n<p class=\"wp-block-paragraph\">1 lutego 1957 roku decyzj\u0105 Wydzia\u0142u O\u015bwiaty w Paj\u0119cznie zosta\u0142a otwarta Pedagogiczna Biblioteka Powiatowa w Paj\u0119cznie.<\/p>\n\n\n\n<p class=\"wp-block-paragraph\">Pierwsz\u0105 kierowniczk\u0105 by\u0142a Janina Kwiatkowska. W nast\u0119pnych latach funkcj\u0119 kierownik\u00f3w pe\u0142nili: Alicja Fiszer (1960-1962), Henryka Koli\u0144ska (1962-1963), Janina Kasznicka (1963-1988), Alicja Urba\u0144ska (1988-1995) i Bo\u017cena Ha\u0142aczkiewicz (1995-2025). Od 1 lutego 2025 roku funkcj\u0119 kierownika pe\u0142ni Katarzyna \u015awi\u0105tek.<\/p>\n\n\n\n<p class=\"wp-block-paragraph\">W ci\u0105gu swojego istnienia biblioteka kilkakrotnie zmienia\u0142a adres i swoj\u0105 nazw\u0119. Najpierw by\u0142a to Pedagogiczna Biblioteka Powiatowa i mie\u015bci\u0142a si\u0119 przy ul. Ko\u015bcielnej, obecnie Parkowa, a nast\u0119pnie przy ul. 1 Maja 17. W 1973 r. zosta\u0142a przeniesiona do nowo wybudowanego Domu Nauczyciela przy ul. Wi\u015bniowej 7. Do likwidacji powiat\u00f3w w 1975 r by\u0142a to Biblioteka Powiatowa, a w 1991 r. po w\u0142\u0105czeniu w struktur\u0119 Wojew\u00f3dzkiego O\u015brodka Metodycznego w Cz\u0119stochowie &#8211; Publiczna Biblioteka Pedagogiczna Wojew\u00f3dzkiego O\u015brodka Metodycznego w Cz\u0119stochowie, filia w Paj\u0119cznie. W wyniku zmian administracyjnych w 1998 roku Paj\u0119czno znalaz\u0142o si\u0119 w wojew\u00f3dztwie \u0142\u00f3dzkim, biblioteka zn\u00f3w zmieni\u0142a swoj\u0105 siedzib\u0119 \u2013 znalaz\u0142a si\u0119 w lokalu ZGH przy ul. Ko\u015bciuszki 76, a od 2000 roku sta\u0142a si\u0119 fili\u0105 Biblioteki Pedagogicznej w Sieradzu. W grudniu 2006 roku biblioteka po raz kolejny zmieni\u0142a lokalizacj\u0119 &#8211; nowy adres ul. Wi\u015bniowa 5 (w budynku Miejsko &#8211; Gminnego O\u015brodka Kultury i Sportu).<\/p>\n\n\n\n<p class=\"wp-block-paragraph\">Kolejna zmiana adresu nast\u0105pi\u0142a w grudniu 2019 r. Biblioteka przeprowadzi\u0142a si\u0119 do wydzielonej cz\u0119\u015bci budynku Szko\u0142y Podstawowej nr 1 im. Juliana Tuwima w Paj\u0119cznie przy ul. Wi\u015bniowej 7, w kt\u00f3rej mie\u015bci si\u0119 obecnie.<\/p>\n\n\n\n<p class=\"wp-block-paragraph\">W zwi\u0105zku z utworzeniem z dniem 1 wrze\u015bnia 2021 r. na mocy uchwa\u0142y nr XXXIV\/449\/21 Sejmiku Wojew\u00f3dztwa \u0141\u00f3dzkiego z dnia 27 sierpnia 2021 r. Centrum Rozwoju Edukacji Wojew\u00f3dztwa \u0141\u00f3dzkiego w Sieradzu z siedzib\u0105 przy ul. 3 Maja 7, w sk\u0142ad kt\u00f3rego wesz\u0142a Biblioteka Pedagogiczna w Sieradzu wraz z filiami i Wojew\u00f3dzki O\u015brodek Doskonalenia Nauczycieli w Sieradzu Biblioteka Pedagogiczna sta\u0142a si\u0119 jednostk\u0105 CREW\u0141 w Sieradzu. Organem prowadz\u0105cym Centrum jest Wojew\u00f3dztwo \u0141\u00f3dzkie z siedzib\u0105 w \u0141odzi, nadz\u00f3r pedagogiczny nad Centrum sprawuje \u0141\u00f3dzki Kurator O\u015bwiaty.<\/p>\n\n\n\n<p class=\"wp-block-paragraph\">Cele i zadania, kt\u00f3re realizuje plac\u00f3wka zawarte s\u0105 w Statucie CREW\u0141 w Sieradzu, Biblioteki Pedagogicznej w Sieradzu.<\/p>\n\n\n\n<p class=\"wp-block-paragraph\">Obecnie nazwa plac\u00f3wki brzmi: Centrum Rozwoju Edukacji Wojew\u00f3dztwa \u0141\u00f3dzkiego Biblioteka Pedagogiczna w Sieradzu Filia w Paj\u0119cznie.<\/p>\n\n\n\n<p class=\"wp-block-paragraph\"><\/p>\n","protected":false},"excerpt":{"rendered":"<p>Biblioteka Pedagogiczna w \u0141asku, za\u0142o\u017cona w 1951 roku, jest cz\u0119\u015bci\u0105 CREW\u0141. Zapraszamy do zapoznania si\u0119 z bogat\u0105 ofert\u0105 edukacyjn\u0105 naszej plac\u00f3wki!<\/p>\n","protected":false},"author":1,"featured_media":0,"comment_status":"closed","ping_status":"open","sticky":false,"template":"","format":"standard","meta":{"_monsterinsights_skip_tracking":false,"ngg_post_thumbnail":0,"footnotes":""},"categories":[5],"tags":[],"class_list":["post-124","post","type-post","status-publish","format-standard","hentry","category-biblioteka"],"aioseo_notices":[],"rttpg_featured_image_url":null,"rttpg_author":{"display_name":"admin","author_link":"https:\/\/filiapajeczno.bpsieradz.pl\/index.php\/author\/admin\/"},"rttpg_comment":0,"rttpg_category":"<a href=\"https:\/\/filiapajeczno.bpsieradz.pl\/index.php\/category\/biblioteka\/\" rel=\"category tag\">Biblioteka<\/a>","rttpg_excerpt":"Biblioteka Pedagogiczna w \u0141asku, za\u0142o\u017cona w 1951 roku, jest cz\u0119\u015bci\u0105 CREW\u0141. Zapraszamy do zapoznania si\u0119 z bogat\u0105 ofert\u0105 edukacyjn\u0105 naszej plac\u00f3wki!","_links":{"self":[{"href":"https:\/\/filiapajeczno.bpsieradz.pl\/index.php\/wp-json\/wp\/v2\/posts\/124","targetHints":{"allow":["GET"]}}],"collection":[{"href":"https:\/\/filiapajeczno.bpsieradz.pl\/index.php\/wp-json\/wp\/v2\/posts"}],"about":[{"href":"https:\/\/filiapajeczno.bpsieradz.pl\/index.php\/wp-json\/wp\/v2\/types\/post"}],"author":[{"embeddable":true,"href":"https:\/\/filiapajeczno.bpsieradz.pl\/index.php\/wp-json\/wp\/v2\/users\/1"}],"replies":[{"embeddable":true,"href":"https:\/\/filiapajeczno.bpsieradz.pl\/index.php\/wp-json\/wp\/v2\/comments?post=124"}],"version-history":[{"count":7,"href":"https:\/\/filiapajeczno.bpsieradz.pl\/index.php\/wp-json\/wp\/v2\/posts\/124\/revisions"}],"predecessor-version":[{"id":859,"href":"https:\/\/filiapajeczno.bpsieradz.pl\/index.php\/wp-json\/wp\/v2\/posts\/124\/revisions\/859"}],"wp:attachment":[{"href":"https:\/\/filiapajeczno.bpsieradz.pl\/index.php\/wp-json\/wp\/v2\/media?parent=124"}],"wp:term":[{"taxonomy":"category","embeddable":true,"href":"https:\/\/filiapajeczno.bpsieradz.pl\/index.php\/wp-json\/wp\/v2\/categories?post=124"},{"taxonomy":"post_tag","embeddable":true,"href":"https:\/\/filiapajeczno.bpsieradz.pl\/index.php\/wp-json\/wp\/v2\/tags?post=124"}],"curies":[{"name":"wp","href":"https:\/\/api.w.org\/{rel}","templated":true}]}}