{"id":1139,"date":"2026-09-04T08:43:30","date_gmt":"2026-09-04T08:43:30","guid":{"rendered":"https:\/\/filiapajeczno.bpsieradz.pl\/?p=1139"},"modified":"2026-09-04T10:30:47","modified_gmt":"2026-09-04T10:30:47","slug":"oferta-edukacyjna-na-rok-szkolny-2026-2027","status":"publish","type":"post","link":"https:\/\/filiapajeczno.bpsieradz.pl\/index.php\/2026\/09\/04\/oferta-edukacyjna-na-rok-szkolny-2026-2027\/","title":{"rendered":"Oferta edukacyjna na rok szkolny 2026\/2027"},"content":{"rendered":"\n<p class=\"wp-block-paragraph\">Szanowni Pa\u0144stwo, zapraszamy do zapoznania si\u0119 z nasz\u0105 ofert\u0105 edukacyjn\u0105 na bie\u017c\u0105cy rok szkolny. Oferta uwzgl\u0119dnia priorytety polityki o\u015bwiatowej Pa\u0144stwa na rok 2026\/2027. W&nbsp;przypadku zainteresowania prosimy o kontakt:<\/p>\n\n\n\n<p class=\"wp-block-paragraph\"><strong><u>tel. 34 311 20 89&nbsp; lub&nbsp; e-mail: filiapajeczno@bpsieradz.pl<\/u><\/strong><\/p>\n\n\n\n<p class=\"wp-block-paragraph\">Informujemy, i\u017c jeste\u015bmy otwarci na wszelkie propozycje i sugestie z&nbsp;Pa\u0144stwa strony odno\u015bnie innych temat\u00f3w zaj\u0119\u0107. W przypadku innych naszych dzia\u0142a\u0144, kt\u00f3re wynikn\u0105 w ci\u0105gu roku, poinformujemy Pa\u0144stwa.<\/p>\n\n\n\n<h4 class=\"wp-block-heading\"><strong>Oferta edukacyjna dla przedszkoli<\/strong><\/h4>\n\n\n\n<ul class=\"wp-block-list\">\n<li>\u201eMisja \u2013 zdrowy przedszkolak\u201d \u2013 zaj\u0119cia kszta\u0142tuj\u0105ce postawy i zachowania prozdrowotne<\/li>\n\n\n\n<li>\u201eKolorowy talerz pe\u0142en zdrowia\u201d<\/li>\n\n\n\n<li>&nbsp;\u201eW \u015bwiecie zawod\u00f3w\u201d<\/li>\n\n\n\n<li>\u201eM\u00f3j przyjaciel Mi\u015b\u201d \u2013 zaj\u0119cia z okazji \u015awiatowego Dnia Pluszowego Misia<\/li>\n\n\n\n<li>\u201eMagiczne Bo\u017ce Narodzenie\u201d<\/li>\n\n\n\n<li>\u201ePrzygody Kubusia Puchatka\u201d<\/li>\n\n\n\n<li>\u201eW \u015bwiecie kot\u00f3w\u201d \u2013 zaj\u0119cia z okazji \u015awiatowego Dnia Kota<\/li>\n\n\n\n<li>\u201eKoszyczek pe\u0142en wielkanocnych skarb\u00f3w\u201d<\/li>\n\n\n\n<li>\u201eMa\u0142a pszczo\u0142a, wielki skarb\u201d \u2013 zaj\u0119cia z okazji \u015awiatowego Dnia Pszczo\u0142y<\/li>\n\n\n\n<li>\u201eBajkowa kraina, najpi\u0119kniejsze bajki dzieci\u0144stwa\u201d<\/li>\n\n\n\n<li>\u201eKlikam z g\u0142ow\u0105 \u2013 zasady higieny cyfrowej\u201d<\/li>\n\n\n\n<li>\u201eMoja ojczyzna \u2013 moje miejsce na Ziemi\u201d<\/li>\n\n\n\n<li>\u201eW krainie uczu\u0107 i emocji\u201d<\/li>\n\n\n\n<li>\u201ePrzyjaciele przyrody\u201d<\/li>\n\n\n\n<li>\u201eMagiczny \u015bwiat teatrzyku kamishibai\u201d<\/li>\n\n\n\n<li>Bezpieczny przedszkolak-zasady bezpiecze\u0144stwa w domu i na drodze<\/li>\n<\/ul>\n\n\n\n<div style=\"height:15px\" aria-hidden=\"true\" class=\"wp-block-spacer\"><\/div>\n\n\n\n<h4 class=\"wp-block-heading\"><strong>Oferta edukacyjna dla <\/strong>szk\u00f3\u0142 podstawowych<\/h4>\n\n\n\n<p class=\"wp-block-paragraph\"><strong>Dla uczni\u00f3w klas I-III szko\u0142y podstawowej<\/strong><\/p>\n\n\n\n<ul class=\"wp-block-list\">\n<li>\u201eBiblioteka \u2013 miejsce pe\u0142ne opowie\u015bci\u201d \u2013 lekcja nt. bibliotek, ich zbior\u00f3w i korzystania z nich<\/li>\n\n\n\n<li>\u201eKsi\u0105\u017cka dawniej i dzi\u015b\u201d \u2013 lekcja nt. historii pisma i ksi\u0105\u017cki<\/li>\n\n\n\n<li>\u201eEkran pod kontrol\u0105 \u2013 bezpieczni w sieci\u201d<\/li>\n\n\n\n<li>\u201eZdrowo, aktywnie, pozytywnie!\u201d<\/li>\n\n\n\n<li>\u201eBo\u017ce Narodzenie \u2013 zwyczaje i tradycje\u201d<\/li>\n\n\n\n<li>\u201eTajemnica \u015awi\u0105t Wielkanocnych\u201d<\/li>\n\n\n\n<li>\u201eWyprawa do \u015bwiata zawod\u00f3w\u201d<\/li>\n\n\n\n<li>\u201eZiemia \u2013 nasz wsp\u00f3lny dom\u201d<\/li>\n\n\n\n<li>\u201e\u015awiatowy Dzie\u0144 \u017byczliwo\u015bci i Pozdrowie\u0144\u201d<\/li>\n\n\n\n<li>&nbsp;\u201eDzie\u0144 Pszczo\u0142y\u201d<\/li>\n\n\n\n<li>\u201eW krainie uczu\u0107 i emocji\u201d<\/li>\n<\/ul>\n\n\n\n<ul class=\"wp-block-list\">\n<li>\u201ePolskie symbole narodowe\u201d<\/li>\n\n\n\n<li>\u201eMam swoje prawa \u2013 \u015awiatowy Dzie\u0144 Praw Dziecka\u201d<\/li>\n\n\n\n<li>Zasady bezpiecze\u0144stwa w domu i na drodze<\/li>\n<\/ul>\n\n\n\n<p class=\"wp-block-paragraph\"><strong>Dla uczni\u00f3w klas IV-VIII szko\u0142y podstawowej<\/strong><\/p>\n\n\n\n<ul class=\"wp-block-list\">\n<li>\u201eBiblioteka jako centrum informacji\u201d <\/li>\n\n\n\n<li>&nbsp;\u201eKatalogi biblioteczne \u2013 katalog online\u201d<\/li>\n\n\n\n<li>\u201ePismo i ksi\u0105\u017cka \u2013 ich historia i znaczenie\u201d<\/li>\n\n\n\n<li>\u201eCyfrowy balans \u2013 jak m\u0105drze korzysta\u0107 z ekran\u00f3w\u201d <em>&nbsp;<\/em><\/li>\n\n\n\n<li>\u201eOd marze\u0144 do zawodu\u201d<\/li>\n\n\n\n<li>&nbsp;\u201ePolskie symbole narodowe\u201d<\/li>\n\n\n\n<li>\u201eO ksi\u0105\u017ckach zakazanych &#8211; literatura dla dzieci i m\u0142odzie\u017cy\u201d<\/li>\n\n\n\n<li>\u201e\u015awiatowy Dzie\u0144 Praw Dziecka\u201d<\/li>\n\n\n\n<li>\u201e\u017byczliwo\u015b\u0107 jest modna! \u2013 \u015awiatowy Dzie\u0144 \u017byczliwo\u015bci i Pozdrowie\u0144\u201d<\/li>\n\n\n\n<li>\u201eJak mo\u017cemy chroni\u0107 planet\u0119? \u2013 \u015awiatowy Dzie\u0144 Ziemi\u201d<\/li>\n<\/ul>\n\n\n\n<p class=\"wp-block-paragraph\"><strong>\u201eO autorach naszych lektur\u201d \u2013 lekcje przybli\u017caj\u0105ce postaci autor\u00f3w lektur szkolnych kl. IV-VIII:<\/strong><\/p>\n\n\n\n<ol class=\"wp-block-list\">\n<li>\u201eJan Brzechwa \u2013 autor znany i kochany\u201d<\/li>\n\n\n\n<li>\u201eHenryk Sienkiewicz\u201d<\/li>\n\n\n\n<li>\u201eAdam Mickiewicz\u201d<\/li>\n\n\n\n<li>\u201eJuliusz S\u0142owacki\u201d<\/li>\n\n\n\n<li>\u201eJan Kochanowski\u201d<\/li>\n\n\n\n<li>\u201eFerenc Molnar\u201d<\/li>\n\n\n\n<li>\u201eAleksander Fredro\u201d<\/li>\n\n\n\n<li>\u201eMaria Konopnicka\u201d<\/li>\n<\/ol>\n\n\n\n<div style=\"height:15px\" aria-hidden=\"true\" class=\"wp-block-spacer\"><\/div>\n\n\n\n<h4 class=\"wp-block-heading\"><strong>Oferta edukacyjna dla <\/strong>szk\u00f3\u0142 ponadpodstawowych<\/h4>\n\n\n\n<ol class=\"wp-block-list\">\n<li>\u201ePoznajemy Bibliotek\u0119 Pedagogiczn\u0105 w Paj\u0119cznie\u201d<\/li>\n\n\n\n<li>\u201eSpacer po wirtualnych bibliotekach\u201d<\/li>\n\n\n\n<li>\u201eOdwa\u017cne ksi\u0105\u017cki, trudne tematy \u2013 literatura na cenzurowanym\u201d<\/li>\n\n\n\n<li>\u201eJak odkry\u0107 sw\u00f3j potencja\u0142 zawodowy?\u201d<\/li>\n\n\n\n<li>\u201eBezpiecze\u0144stwo cyfrowe\u201d<\/li>\n\n\n\n<li>\u201eInformacja czy dezinformacja?\u201d<\/li>\n\n\n\n<li>\u201ePaj\u0119czno \u2013 moja ma\u0142a ojczyzna\u201d<\/li>\n<\/ol>\n\n\n\n<div style=\"height:14px\" aria-hidden=\"true\" class=\"wp-block-spacer\"><\/div>\n\n\n\n<h4 class=\"wp-block-heading\">Imprezy i akcje biblioteczne<\/h4>\n\n\n\n<p class=\"wp-block-paragraph\"><strong>Szko\u0142y, przedszkola i plac\u00f3wki o\u015bwiatowe zapraszamy do wsp\u00f3lnych dzia\u0142a\u0144.<\/strong><\/p>\n\n\n\n<ul class=\"wp-block-list\">\n<li>Narodowe Czytanie \u2013 wrzesie\u0144 2026<\/li>\n\n\n\n<li>Og\u00f3lnopolski Dzie\u0144 G\u0142o\u015bnego Czytania \u2013 wrzesie\u0144 2026 \u2013 przedszkole i szko\u0142a podstawowa<\/li>\n\n\n\n<li>Tydzie\u0144 Zakazanych Ksi\u0105\u017cek \u2013 wrzesie\u0144 2026 \u2013 szko\u0142a podstawowa i ponadpodstawowa<\/li>\n\n\n\n<li>Przerwa na Czytanie \u2013 pa\u017adziernik 2026 \u2013 przedszkola i szko\u0142a podstawowa<\/li>\n\n\n\n<li>Akcja \u201eNoc Bibliotek\u201d \u2013 pa\u017adziernik 2026 \u2013 wszystkie etapy edukacyjne<\/li>\n\n\n\n<li>Og\u00f3lnopolski Tydzie\u0144 Kariery \u2013 pa\u017adziernik 2026 \u2013 wszystkie etapy edukacyjne<\/li>\n\n\n\n<li>Dzie\u0144 Bezpiecznego Internetu \u2013 luty 2027 \u2013 szko\u0142a podstawowa<\/li>\n\n\n\n<li>Akcja \u201e\u017bonkile\u201d \u2013 kwiecie\u0144 2027 \u2013 szko\u0142a podstawowa<\/li>\n\n\n\n<li>Tydzie\u0144 Bibliotek \u2013 maj 2027 \u2013 wszystkie etapy edukacyjne<\/li>\n\n\n\n<li>Bookcrossing \u2013 akcja uwalniania ksi\u0105\u017cek \u2013 czerwiec 2027 &#8211; akcja lokalna<\/li>\n<\/ul>\n\n\n\n<p class=\"wp-block-paragraph\"><strong>KONKURSY:<\/strong><\/p>\n\n\n\n<ul class=\"wp-block-list\">\n<li><strong>\u201eCzy znasz?, czy wiesz?\u201d<\/strong> <strong>\u2013<\/strong> powiatowy konkurs czytelniczy dla&nbsp; uczni\u00f3w klas VI-VIII szk\u00f3\u0142 podstawowych ze znajomo\u015bci tre\u015bci wybranych ksi\u0105\u017cek (wrzesie\u0144 \u2013 grudzie\u0144 2026).<\/li>\n\n\n\n<li><strong>\u201eCzytam, wiem, znam!\u201d<\/strong> \u2013 powiatowy konkurs czytelniczy dla uczni\u00f3w klas III-V szk\u00f3\u0142 podstawowych ze znajomo\u015bci tre\u015bci wybranych ksi\u0105\u017cek (luty \u2013 maj 2027).<\/li>\n<\/ul>\n\n\n\n<p class=\"wp-block-paragraph\"><strong>DLA NAUCZYCIELI:<\/strong><\/p>\n\n\n\n<ul class=\"wp-block-list\">\n<li>prowadzimy <em>Sie\u0107 wsp\u00f3\u0142pracy i samokszta\u0142cenia dla nauczycieli bibliotekarzy szkolnych z terenu &nbsp;<\/em>powiatu paj\u0119cza\u0144skiego.<\/li>\n\n\n\n<li>oferujemy przygotowanie literatury na szkolenia &nbsp;Rad Pedagogicznych, spotkania z rodzicami, wystawy tematyczne.<\/li>\n\n\n\n<li>organizujemy wystawy pokonkursowe prac uczni\u00f3w powsta\u0142ych podczas konkurs\u00f3w organizowanych przez nasz\u0105 plac\u00f3wk\u0119 i zapraszamy do prezentowania w naszej plac\u00f3wce&nbsp; wystaw prac uczni\u00f3w powsta\u0142ych podczas szkolnych, mi\u0119dzyszkolnych lub powiatowych konkurs\u00f3w.<\/li>\n<\/ul>\n\n\n\n<p class=\"has-text-align-right wp-block-paragraph\"><strong><em>ZAPRASZAMY<\/em><\/strong><\/p>\n","protected":false},"excerpt":{"rendered":"<p>Szanowni Pa\u0144stwo, zapraszamy do zapoznania si\u0119 z nasz\u0105 ofert\u0105 edukacyjn\u0105 na bie\u017c\u0105cy rok szkolny. Oferta uwzgl\u0119dnia priorytety polityki o\u015bwiatowej Pa\u0144stwa na rok 2026\/2027. W&nbsp;przypadku zainteresowania prosimy o kontakt: tel. 34 &#8230;<\/p>\n","protected":false},"author":1,"featured_media":0,"comment_status":"closed","ping_status":"open","sticky":false,"template":"","format":"standard","meta":{"_monsterinsights_skip_tracking":false,"ngg_post_thumbnail":0,"footnotes":""},"categories":[1],"tags":[],"class_list":["post-1139","post","type-post","status-publish","format-standard","hentry","category-uncategorized"],"aioseo_notices":[],"rttpg_featured_image_url":null,"rttpg_author":{"display_name":"admin","author_link":"https:\/\/filiapajeczno.bpsieradz.pl\/index.php\/author\/admin\/"},"rttpg_comment":0,"rttpg_category":"<a href=\"https:\/\/filiapajeczno.bpsieradz.pl\/index.php\/category\/uncategorized\/\" rel=\"category tag\">Uncategorized<\/a>","rttpg_excerpt":"Szanowni Pa\u0144stwo, zapraszamy do zapoznania si\u0119 z nasz\u0105 ofert\u0105 edukacyjn\u0105 na bie\u017c\u0105cy rok szkolny. Oferta uwzgl\u0119dnia priorytety polityki o\u015bwiatowej Pa\u0144stwa na rok 2026\/2027. W&nbsp;przypadku zainteresowania prosimy o kontakt: tel. 34 ...","_links":{"self":[{"href":"https:\/\/filiapajeczno.bpsieradz.pl\/index.php\/wp-json\/wp\/v2\/posts\/1139","targetHints":{"allow":["GET"]}}],"collection":[{"href":"https:\/\/filiapajeczno.bpsieradz.pl\/index.php\/wp-json\/wp\/v2\/posts"}],"about":[{"href":"https:\/\/filiapajeczno.bpsieradz.pl\/index.php\/wp-json\/wp\/v2\/types\/post"}],"author":[{"embeddable":true,"href":"https:\/\/filiapajeczno.bpsieradz.pl\/index.php\/wp-json\/wp\/v2\/users\/1"}],"replies":[{"embeddable":true,"href":"https:\/\/filiapajeczno.bpsieradz.pl\/index.php\/wp-json\/wp\/v2\/comments?post=1139"}],"version-history":[{"count":2,"href":"https:\/\/filiapajeczno.bpsieradz.pl\/index.php\/wp-json\/wp\/v2\/posts\/1139\/revisions"}],"predecessor-version":[{"id":1142,"href":"https:\/\/filiapajeczno.bpsieradz.pl\/index.php\/wp-json\/wp\/v2\/posts\/1139\/revisions\/1142"}],"wp:attachment":[{"href":"https:\/\/filiapajeczno.bpsieradz.pl\/index.php\/wp-json\/wp\/v2\/media?parent=1139"}],"wp:term":[{"taxonomy":"category","embeddable":true,"href":"https:\/\/filiapajeczno.bpsieradz.pl\/index.php\/wp-json\/wp\/v2\/categories?post=1139"},{"taxonomy":"post_tag","embeddable":true,"href":"https:\/\/filiapajeczno.bpsieradz.pl\/index.php\/wp-json\/wp\/v2\/tags?post=1139"}],"curies":[{"name":"wp","href":"https:\/\/api.w.org\/{rel}","templated":true}]}}