{"id":1123,"date":"2026-06-18T11:36:28","date_gmt":"2026-06-18T11:36:28","guid":{"rendered":"https:\/\/filiapajeczno.bpsieradz.pl\/?p=1123"},"modified":"2026-06-18T11:36:30","modified_gmt":"2026-06-18T11:36:30","slug":"pod-jednym-niebem","status":"publish","type":"post","link":"https:\/\/filiapajeczno.bpsieradz.pl\/index.php\/2026\/06\/18\/pod-jednym-niebem\/","title":{"rendered":"Pod Jednym Niebem"},"content":{"rendered":"\n<p class=\"wp-block-paragraph\">11 czerwca 2026 r. CREW\u0141 w Sieradzu \u2013 Biblioteka Pedagogiczna w Sieradzu, Filia w Paj\u0119cznie mia\u0142a przyjemno\u015b\u0107 uczestniczy\u0107 w Konferencji Inauguruj\u0105cej dzia\u0142alno\u015b\u0107 Specjalistycznego Centrum Wspieraj\u0105cego Edukacj\u0119 W\u0142\u0105czaj\u0105c\u0105 w Dzia\u0142oszynie \u201ePod Jednym Niebem\u201d.<\/p>\n\n\n\n<p class=\"wp-block-paragraph\">Podczas konferencji zaprezentowali\u015bmy stoisko z publikacjami po\u015bwi\u0119conymi edukacji w\u0142\u0105czaj\u0105cej, integracji spo\u0142ecznej, wspieraniu rozwoju dzieci ze specjalnymi potrzebami edukacyjnymi oraz kszta\u0142towaniu postaw empatii, akceptacji i wzajemnego szacunku.<\/p>\n\n\n\n<p class=\"wp-block-paragraph\">Udzia\u0142 w tym wydarzeniu by\u0142 doskona\u0142\u0105 okazj\u0105 do promocji warto\u015bciowej literatury wspieraj\u0105cej tworzenie szko\u0142y otwartej, dost\u0119pnej i przyjaznej dla ka\u017cdego ucznia.<\/p>\n\n\n\n<p class=\"wp-block-paragraph\">Dzi\u0119kujemy organizatorom za zaproszenie, cieszymy si\u0119, \u017ce mogli\u015bmy by\u0107 cz\u0119\u015bci\u0105 tego wa\u017cnego wydarzenia.<\/p>\n\n\n\nngg_shortcode_0_placeholder\n","protected":false},"excerpt":{"rendered":"<p>11 czerwca 2026 r. CREW\u0141 w Sieradzu \u2013 Biblioteka Pedagogiczna w Sieradzu, Filia w Paj\u0119cznie mia\u0142a przyjemno\u015b\u0107 uczestniczy\u0107 w Konferencji Inauguruj\u0105cej dzia\u0142alno\u015b\u0107 Specjalistycznego Centrum Wspieraj\u0105cego Edukacj\u0119 W\u0142\u0105czaj\u0105c\u0105 w Dzia\u0142oszynie \u201ePod &#8230;<\/p>\n","protected":false},"author":1,"featured_media":1127,"comment_status":"closed","ping_status":"open","sticky":false,"template":"","format":"standard","meta":{"_monsterinsights_skip_tracking":false,"ngg_post_thumbnail":341,"footnotes":""},"categories":[3],"tags":[],"class_list":["post-1123","post","type-post","status-publish","format-standard","has-post-thumbnail","hentry","category-aktualnosci"],"aioseo_notices":[],"rttpg_featured_image_url":{"full":["https:\/\/filiapajeczno.bpsieradz.pl\/wp-content\/uploads\/2026\/06\/nggallery_import\/3.jpg",675,1200,false],"landscape":["https:\/\/filiapajeczno.bpsieradz.pl\/wp-content\/uploads\/2026\/06\/nggallery_import\/3.jpg",675,1200,false],"portraits":["https:\/\/filiapajeczno.bpsieradz.pl\/wp-content\/uploads\/2026\/06\/nggallery_import\/3.jpg",675,1200,false],"thumbnail":["https:\/\/filiapajeczno.bpsieradz.pl\/wp-content\/uploads\/2026\/06\/nggallery_import\/3-150x150.jpg",150,150,true],"medium":["https:\/\/filiapajeczno.bpsieradz.pl\/wp-content\/uploads\/2026\/06\/nggallery_import\/3-169x300.jpg",169,300,true],"large":["https:\/\/filiapajeczno.bpsieradz.pl\/wp-content\/uploads\/2026\/06\/nggallery_import\/3-576x1024.jpg",576,1024,true],"1536x1536":["https:\/\/filiapajeczno.bpsieradz.pl\/wp-content\/uploads\/2026\/06\/nggallery_import\/3.jpg",675,1200,false],"2048x2048":["https:\/\/filiapajeczno.bpsieradz.pl\/wp-content\/uploads\/2026\/06\/nggallery_import\/3.jpg",675,1200,false],"onepress-blog-small":["https:\/\/filiapajeczno.bpsieradz.pl\/wp-content\/uploads\/2026\/06\/nggallery_import\/3-300x150.jpg",300,150,true],"onepress-small":["https:\/\/filiapajeczno.bpsieradz.pl\/wp-content\/uploads\/2026\/06\/nggallery_import\/3-480x300.jpg",480,300,true],"onepress-medium":["https:\/\/filiapajeczno.bpsieradz.pl\/wp-content\/uploads\/2026\/06\/nggallery_import\/3-640x400.jpg",640,400,true]},"rttpg_author":{"display_name":"admin","author_link":"https:\/\/filiapajeczno.bpsieradz.pl\/index.php\/author\/admin\/"},"rttpg_comment":0,"rttpg_category":"<a href=\"https:\/\/filiapajeczno.bpsieradz.pl\/index.php\/category\/aktualnosci\/\" rel=\"category tag\">Aktualno\u015bci<\/a>","rttpg_excerpt":"11 czerwca 2026 r. CREW\u0141 w Sieradzu \u2013 Biblioteka Pedagogiczna w Sieradzu, Filia w Paj\u0119cznie mia\u0142a przyjemno\u015b\u0107 uczestniczy\u0107 w Konferencji Inauguruj\u0105cej dzia\u0142alno\u015b\u0107 Specjalistycznego Centrum Wspieraj\u0105cego Edukacj\u0119 W\u0142\u0105czaj\u0105c\u0105 w Dzia\u0142oszynie \u201ePod ...","_links":{"self":[{"href":"https:\/\/filiapajeczno.bpsieradz.pl\/index.php\/wp-json\/wp\/v2\/posts\/1123","targetHints":{"allow":["GET"]}}],"collection":[{"href":"https:\/\/filiapajeczno.bpsieradz.pl\/index.php\/wp-json\/wp\/v2\/posts"}],"about":[{"href":"https:\/\/filiapajeczno.bpsieradz.pl\/index.php\/wp-json\/wp\/v2\/types\/post"}],"author":[{"embeddable":true,"href":"https:\/\/filiapajeczno.bpsieradz.pl\/index.php\/wp-json\/wp\/v2\/users\/1"}],"replies":[{"embeddable":true,"href":"https:\/\/filiapajeczno.bpsieradz.pl\/index.php\/wp-json\/wp\/v2\/comments?post=1123"}],"version-history":[{"count":1,"href":"https:\/\/filiapajeczno.bpsieradz.pl\/index.php\/wp-json\/wp\/v2\/posts\/1123\/revisions"}],"predecessor-version":[{"id":1128,"href":"https:\/\/filiapajeczno.bpsieradz.pl\/index.php\/wp-json\/wp\/v2\/posts\/1123\/revisions\/1128"}],"wp:featuredmedia":[{"embeddable":true,"href":"https:\/\/filiapajeczno.bpsieradz.pl\/index.php\/wp-json\/wp\/v2\/media\/1127"}],"wp:attachment":[{"href":"https:\/\/filiapajeczno.bpsieradz.pl\/index.php\/wp-json\/wp\/v2\/media?parent=1123"}],"wp:term":[{"taxonomy":"category","embeddable":true,"href":"https:\/\/filiapajeczno.bpsieradz.pl\/index.php\/wp-json\/wp\/v2\/categories?post=1123"},{"taxonomy":"post_tag","embeddable":true,"href":"https:\/\/filiapajeczno.bpsieradz.pl\/index.php\/wp-json\/wp\/v2\/tags?post=1123"}],"curies":[{"name":"wp","href":"https:\/\/api.w.org\/{rel}","templated":true}]}}