{"id":1090,"date":"2026-06-10T06:35:55","date_gmt":"2026-06-10T06:35:55","guid":{"rendered":"https:\/\/filiapajeczno.bpsieradz.pl\/?p=1090"},"modified":"2026-06-10T06:35:56","modified_gmt":"2026-06-10T06:35:56","slug":"final-konkursu-czytelniczego-z-cyklu-czytam-wiem-znam","status":"publish","type":"post","link":"https:\/\/filiapajeczno.bpsieradz.pl\/index.php\/2026\/06\/10\/final-konkursu-czytelniczego-z-cyklu-czytam-wiem-znam\/","title":{"rendered":"Fina\u0142 konkursu czytelniczego z cyklu \u201eCzytam! &#8211; wiem, znam!\u201d"},"content":{"rendered":"\n<p class=\"wp-block-paragraph\">03.06.2026 r. w Centrum Rozwoju Edukacji W\u0141 w Sieradzu Biblioteka Pedagogiczna w Sieradzu Filia w Paj\u0119cznie nast\u0105pi\u0142o uroczyste zako\u0144czenie mi\u0119dzyszkolnego konkursu czytelniczego&nbsp; z cyklu \u201eCzytam! -wiem, znam!\u201d. Konkurs by\u0142 adresowany do uczni\u00f3w klas V- VIII szk\u00f3\u0142 podstawowych z terenu powiatu paj\u0119cza\u0144skiego. Go\u015bciem uroczystego podsumowania konkursu by\u0142a Pani Daniela Danielewska \u2013 Matusiak, wicedyrektor Centrum Rozwoju Edukacji Wojew\u00f3dztwa \u0141\u00f3dzkiego w Sieradzu, kt\u00f3ra uczniom laureatom wr\u0119czy\u0142a dyplomy i nagrody. Pani wicedyrektor podzi\u0119kowa\u0142a tak\u017ce nauczycielom za zaanga\u017cowanie i zach\u0119cenie uczni\u00f3w do udzia\u0142u w konkursie, a uczniom pogratulowa\u0142a wiedzy i osi\u0105gni\u0119tych wynik\u00f3w. W konkursie wzi\u0119\u0142o udzia\u0142 <strong>35 <\/strong>uczni\u00f3w z <strong>12<\/strong> szk\u00f3\u0142 podstawowych z terenu powiatu paj\u0119cza\u0144skiego. Biblioteka Pedagogiczna w Paj\u0119cznie tak\u017ce, jako organizator, dzi\u0119kuje wszystkim uczestnikom konkursu za udzia\u0142, a uczniom i ich opiekunom gratulujemy!<\/p>\n\n\n\n<p class=\"wp-block-paragraph\"><strong>WYNIKI KONKURSU:<\/strong><\/p>\n\n\n\n<p class=\"wp-block-paragraph\">I miejsce \u2013 Krzysztof Szewczyk kl. VII ZSP im. Marii Konopnickiej w Raciszynie<\/p>\n\n\n\n<p class=\"wp-block-paragraph\">II miejsce\u2013 Dominika Jakubowska kl. VII SP w Wiewcu<\/p>\n\n\n\n<p class=\"wp-block-paragraph\">III miejsce\u2013 ex aequo Laura Jakubowska kl. VII SP w Wiewcu<\/p>\n\n\n\n<p class=\"wp-block-paragraph\">III miejsce-ex aequo&nbsp; Oliwia Nowak kl. VIII&nbsp; SP im. ks. Jana Twardowskiego w Tr\u0119baczewie<\/p>\n\n\n\n<p class=\"wp-block-paragraph\"><strong>Wyr\u00f3\u017cnienia:<\/strong><\/p>\n\n\n\n<ol class=\"wp-block-list\">\n<li>Magdalena Gr\u0105dzik kl. VII\u00a0 \u2013 SP\u00a0 w Wiewcu<\/li>\n\n\n\n<li>Ewa \u0142awniczek kl. VII\u00a0 \u2013 ZSP im. Jana Paw\u0142a II w Rz\u0105\u015bni<\/li>\n\n\n\n<li>Franciszek St\u0119pie\u0144 kl. VII SP im. ks. Jana Twardowskiego w Tr\u0119baczewie<\/li>\n\n\n\n<li>Wiktoria S\u0142omian kl. VII a ZSP im. Jana Paw\u0142a II w Rz\u0105\u015bni<\/li>\n\n\n\n<li>Aleksandra Gaj\u0119cka kl. VI a SP im. ks. Jana Twardowskiego w Tr\u0119baczewie<\/li>\n\n\n\n<li>Iga Wdowczyk kl. VI SP im. Marcina Bielskiego w Bia\u0142ej<\/li>\n\n\n\n<li>Hubert Napieraj kl. VII b ZSP im. Marii Konopnickiej w Raciszynie<\/li>\n\n\n\n<li>Ma\u0142gorzata St\u0119pie\u0144 kl. VIII b ZSP im. Jana Paw\u0142a II w Rz\u0105\u015bni<\/li>\n\n\n\n<li>Zuzanna \u015aciga\u0142a kl. VII SP im. Kornela Makuszy\u0144skiego w Siemkowicach<\/li>\n<\/ol>\n\n\n\n<p class=\"wp-block-paragraph\">Uczniom laureatom GRATULUJEMY! Wszystkim pozosta\u0142ym uczestnikom dzi\u0119kujemy za udzia\u0142 w konkursie, a nauczycielom za zaanga\u017cowanie.<\/p>\n\n\n\nngg_shortcode_0_placeholder\n","protected":false},"excerpt":{"rendered":"<p>03.06.2026 r. w Centrum Rozwoju Edukacji W\u0141 w Sieradzu Biblioteka Pedagogiczna w Sieradzu Filia w Paj\u0119cznie nast\u0105pi\u0142o uroczyste zako\u0144czenie mi\u0119dzyszkolnego konkursu czytelniczego&nbsp; z cyklu \u201eCzytam! -wiem, znam!\u201d. Konkurs by\u0142 adresowany &#8230;<\/p>\n","protected":false},"author":1,"featured_media":1092,"comment_status":"closed","ping_status":"open","sticky":false,"template":"","format":"standard","meta":{"_monsterinsights_skip_tracking":false,"ngg_post_thumbnail":0,"footnotes":""},"categories":[3],"tags":[],"class_list":["post-1090","post","type-post","status-publish","format-standard","has-post-thumbnail","hentry","category-aktualnosci"],"aioseo_notices":[],"rttpg_featured_image_url":{"full":["https:\/\/filiapajeczno.bpsieradz.pl\/wp-content\/uploads\/2026\/06\/1.jpg",590,332,false],"landscape":["https:\/\/filiapajeczno.bpsieradz.pl\/wp-content\/uploads\/2026\/06\/1.jpg",590,332,false],"portraits":["https:\/\/filiapajeczno.bpsieradz.pl\/wp-content\/uploads\/2026\/06\/1.jpg",590,332,false],"thumbnail":["https:\/\/filiapajeczno.bpsieradz.pl\/wp-content\/uploads\/2026\/06\/1-150x150.jpg",150,150,true],"medium":["https:\/\/filiapajeczno.bpsieradz.pl\/wp-content\/uploads\/2026\/06\/1-300x169.jpg",300,169,true],"large":["https:\/\/filiapajeczno.bpsieradz.pl\/wp-content\/uploads\/2026\/06\/1.jpg",590,332,false],"1536x1536":["https:\/\/filiapajeczno.bpsieradz.pl\/wp-content\/uploads\/2026\/06\/1.jpg",590,332,false],"2048x2048":["https:\/\/filiapajeczno.bpsieradz.pl\/wp-content\/uploads\/2026\/06\/1.jpg",590,332,false],"onepress-blog-small":["https:\/\/filiapajeczno.bpsieradz.pl\/wp-content\/uploads\/2026\/06\/1-300x150.jpg",300,150,true],"onepress-small":["https:\/\/filiapajeczno.bpsieradz.pl\/wp-content\/uploads\/2026\/06\/1-480x300.jpg",480,300,true],"onepress-medium":["https:\/\/filiapajeczno.bpsieradz.pl\/wp-content\/uploads\/2026\/06\/1.jpg",590,332,false]},"rttpg_author":{"display_name":"admin","author_link":"https:\/\/filiapajeczno.bpsieradz.pl\/index.php\/author\/admin\/"},"rttpg_comment":0,"rttpg_category":"<a href=\"https:\/\/filiapajeczno.bpsieradz.pl\/index.php\/category\/aktualnosci\/\" rel=\"category tag\">Aktualno\u015bci<\/a>","rttpg_excerpt":"03.06.2026 r. w Centrum Rozwoju Edukacji W\u0141 w Sieradzu Biblioteka Pedagogiczna w Sieradzu Filia w Paj\u0119cznie nast\u0105pi\u0142o uroczyste zako\u0144czenie mi\u0119dzyszkolnego konkursu czytelniczego&nbsp; z cyklu \u201eCzytam! -wiem, znam!\u201d. Konkurs by\u0142 adresowany ...","_links":{"self":[{"href":"https:\/\/filiapajeczno.bpsieradz.pl\/index.php\/wp-json\/wp\/v2\/posts\/1090","targetHints":{"allow":["GET"]}}],"collection":[{"href":"https:\/\/filiapajeczno.bpsieradz.pl\/index.php\/wp-json\/wp\/v2\/posts"}],"about":[{"href":"https:\/\/filiapajeczno.bpsieradz.pl\/index.php\/wp-json\/wp\/v2\/types\/post"}],"author":[{"embeddable":true,"href":"https:\/\/filiapajeczno.bpsieradz.pl\/index.php\/wp-json\/wp\/v2\/users\/1"}],"replies":[{"embeddable":true,"href":"https:\/\/filiapajeczno.bpsieradz.pl\/index.php\/wp-json\/wp\/v2\/comments?post=1090"}],"version-history":[{"count":1,"href":"https:\/\/filiapajeczno.bpsieradz.pl\/index.php\/wp-json\/wp\/v2\/posts\/1090\/revisions"}],"predecessor-version":[{"id":1103,"href":"https:\/\/filiapajeczno.bpsieradz.pl\/index.php\/wp-json\/wp\/v2\/posts\/1090\/revisions\/1103"}],"wp:featuredmedia":[{"embeddable":true,"href":"https:\/\/filiapajeczno.bpsieradz.pl\/index.php\/wp-json\/wp\/v2\/media\/1092"}],"wp:attachment":[{"href":"https:\/\/filiapajeczno.bpsieradz.pl\/index.php\/wp-json\/wp\/v2\/media?parent=1090"}],"wp:term":[{"taxonomy":"category","embeddable":true,"href":"https:\/\/filiapajeczno.bpsieradz.pl\/index.php\/wp-json\/wp\/v2\/categories?post=1090"},{"taxonomy":"post_tag","embeddable":true,"href":"https:\/\/filiapajeczno.bpsieradz.pl\/index.php\/wp-json\/wp\/v2\/tags?post=1090"}],"curies":[{"name":"wp","href":"https:\/\/api.w.org\/{rel}","templated":true}]}}