{"id":1078,"date":"2026-04-21T11:12:33","date_gmt":"2026-04-21T11:12:33","guid":{"rendered":"https:\/\/filiapajeczno.bpsieradz.pl\/?p=1078"},"modified":"2026-04-21T11:12:34","modified_gmt":"2026-04-21T11:12:34","slug":"konkurs-czytam-wiem-znam-2","status":"publish","type":"post","link":"https:\/\/filiapajeczno.bpsieradz.pl\/index.php\/2026\/04\/21\/konkurs-czytam-wiem-znam-2\/","title":{"rendered":"Konkurs \u201eCzytam!-wiem, znam!\u201d!"},"content":{"rendered":"\n<p class=\"wp-block-paragraph\">W dniu 21.04.2026 r. w Centrum Rozwoju Edukacji Wojew\u00f3dztwa \u0141\u00f3dzkiego Biblioteka Pedagogiczna w Sieradzu Filia w Paj\u0119cznie odby\u0142 si\u0119 powiatowy konkurs czytelniczy z cyklu \u201eCzytam, wiem, znam!\u201d. Konkurs by\u0142 adresowany do uczni\u00f3w klas V &#8211; VIII szk\u00f3\u0142 podstawowych z terenu powiatu paj\u0119cza\u0144skiego. Organizatorem konkursu by\u0142a nasza plac\u00f3wka i Sie\u0107 wsp\u00f3\u0142pracy i samokszta\u0142cenia \u201eAktywny bibliotekarz \u2013 aktywna biblioteka\u201d. Celem konkursu jest promocja czytelnictwa, szerzenie kultury ksi\u0105\u017cki, rozwijanie zainteresowa\u0144 czytelniczych . W wyniku eliminacji szkolnych do konkursu zosta\u0142o zg\u0142oszonych <strong>35 uczni\u00f3w z 12 szk\u00f3\u0142 z terenu powiatu paj\u0119cza\u0144skiego<\/strong>. Przedmiotem konkursu by\u0142a znajomo\u015b\u0107 tre\u015bci 3 utwor\u00f3w:<\/p>\n\n\n\n<p class=\"wp-block-paragraph\">Henryk Sienkiewicz \u2013 \u201eLatarnik\u201d,<\/p>\n\n\n\n<p class=\"wp-block-paragraph\">Eliza Orzeszkowa- \u201eGloria Victis\u201d<\/p>\n\n\n\n<p class=\"wp-block-paragraph\">Anna Czerwi\u0144ska-Rydel &#8211; \u201eListy w butelce. Opowie\u015b\u0107 o Irenie Sendlerowej\u201d<\/p>\n\n\n\n<p class=\"wp-block-paragraph\">Uczniowie po wylosowaniu miejsc, w odpowiednio przygotowanej bibliotecznej przestrzeni, przyst\u0105pili do rozwi\u0105zywania testu, kt\u00f3ry obejmowa\u0142 157 pyta\u0144 dotycz\u0105cych w\/w utwor\u00f3w. Zegar odmierza\u0142 czas \u2013 45 minut. O tym, kto wykaza\u0142 si\u0119 najlepsz\u0105 znajomo\u015bci\u0105 tre\u015bci konkursowych lektur, uczestnicy dowiedz\u0105 si\u0119 wkr\u00f3tce. O wynikach szko\u0142y bior\u0105ce udzia\u0142 w konkursie zostan\u0105 powiadomione. Dzi\u0119kujemy nauczycielom za przygotowanie uczni\u00f3w do konkursu i zorganizowanie ich przyjazdu.<\/p>\n\n\n\nngg_shortcode_0_placeholder\n","protected":false},"excerpt":{"rendered":"<p>W dniu 21.04.2026 r. w Centrum Rozwoju Edukacji Wojew\u00f3dztwa \u0141\u00f3dzkiego Biblioteka Pedagogiczna w Sieradzu Filia w Paj\u0119cznie odby\u0142 si\u0119 powiatowy konkurs czytelniczy z cyklu \u201eCzytam, wiem, znam!\u201d. Konkurs by\u0142 adresowany &#8230;<\/p>\n","protected":false},"author":1,"featured_media":1086,"comment_status":"closed","ping_status":"open","sticky":false,"template":"","format":"standard","meta":{"_monsterinsights_skip_tracking":false,"ngg_post_thumbnail":0,"footnotes":""},"categories":[3],"tags":[],"class_list":["post-1078","post","type-post","status-publish","format-standard","has-post-thumbnail","hentry","category-aktualnosci"],"aioseo_notices":[],"rttpg_featured_image_url":{"full":["https:\/\/filiapajeczno.bpsieradz.pl\/wp-content\/uploads\/2026\/04\/Zft81wFh.jpg",2048,1536,false],"landscape":["https:\/\/filiapajeczno.bpsieradz.pl\/wp-content\/uploads\/2026\/04\/Zft81wFh.jpg",2048,1536,false],"portraits":["https:\/\/filiapajeczno.bpsieradz.pl\/wp-content\/uploads\/2026\/04\/Zft81wFh.jpg",2048,1536,false],"thumbnail":["https:\/\/filiapajeczno.bpsieradz.pl\/wp-content\/uploads\/2026\/04\/Zft81wFh-150x150.jpg",150,150,true],"medium":["https:\/\/filiapajeczno.bpsieradz.pl\/wp-content\/uploads\/2026\/04\/Zft81wFh-300x225.jpg",300,225,true],"large":["https:\/\/filiapajeczno.bpsieradz.pl\/wp-content\/uploads\/2026\/04\/Zft81wFh-1024x768.jpg",800,600,true],"1536x1536":["https:\/\/filiapajeczno.bpsieradz.pl\/wp-content\/uploads\/2026\/04\/Zft81wFh-1536x1152.jpg",1536,1152,true],"2048x2048":["https:\/\/filiapajeczno.bpsieradz.pl\/wp-content\/uploads\/2026\/04\/Zft81wFh.jpg",2048,1536,false],"onepress-blog-small":["https:\/\/filiapajeczno.bpsieradz.pl\/wp-content\/uploads\/2026\/04\/Zft81wFh-300x150.jpg",300,150,true],"onepress-small":["https:\/\/filiapajeczno.bpsieradz.pl\/wp-content\/uploads\/2026\/04\/Zft81wFh-480x300.jpg",480,300,true],"onepress-medium":["https:\/\/filiapajeczno.bpsieradz.pl\/wp-content\/uploads\/2026\/04\/Zft81wFh-640x400.jpg",640,400,true]},"rttpg_author":{"display_name":"admin","author_link":"https:\/\/filiapajeczno.bpsieradz.pl\/index.php\/author\/admin\/"},"rttpg_comment":0,"rttpg_category":"<a href=\"https:\/\/filiapajeczno.bpsieradz.pl\/index.php\/category\/aktualnosci\/\" rel=\"category tag\">Aktualno\u015bci<\/a>","rttpg_excerpt":"W dniu 21.04.2026 r. w Centrum Rozwoju Edukacji Wojew\u00f3dztwa \u0141\u00f3dzkiego Biblioteka Pedagogiczna w Sieradzu Filia w Paj\u0119cznie odby\u0142 si\u0119 powiatowy konkurs czytelniczy z cyklu \u201eCzytam, wiem, znam!\u201d. Konkurs by\u0142 adresowany ...","_links":{"self":[{"href":"https:\/\/filiapajeczno.bpsieradz.pl\/index.php\/wp-json\/wp\/v2\/posts\/1078","targetHints":{"allow":["GET"]}}],"collection":[{"href":"https:\/\/filiapajeczno.bpsieradz.pl\/index.php\/wp-json\/wp\/v2\/posts"}],"about":[{"href":"https:\/\/filiapajeczno.bpsieradz.pl\/index.php\/wp-json\/wp\/v2\/types\/post"}],"author":[{"embeddable":true,"href":"https:\/\/filiapajeczno.bpsieradz.pl\/index.php\/wp-json\/wp\/v2\/users\/1"}],"replies":[{"embeddable":true,"href":"https:\/\/filiapajeczno.bpsieradz.pl\/index.php\/wp-json\/wp\/v2\/comments?post=1078"}],"version-history":[{"count":1,"href":"https:\/\/filiapajeczno.bpsieradz.pl\/index.php\/wp-json\/wp\/v2\/posts\/1078\/revisions"}],"predecessor-version":[{"id":1087,"href":"https:\/\/filiapajeczno.bpsieradz.pl\/index.php\/wp-json\/wp\/v2\/posts\/1078\/revisions\/1087"}],"wp:featuredmedia":[{"embeddable":true,"href":"https:\/\/filiapajeczno.bpsieradz.pl\/index.php\/wp-json\/wp\/v2\/media\/1086"}],"wp:attachment":[{"href":"https:\/\/filiapajeczno.bpsieradz.pl\/index.php\/wp-json\/wp\/v2\/media?parent=1078"}],"wp:term":[{"taxonomy":"category","embeddable":true,"href":"https:\/\/filiapajeczno.bpsieradz.pl\/index.php\/wp-json\/wp\/v2\/categories?post=1078"},{"taxonomy":"post_tag","embeddable":true,"href":"https:\/\/filiapajeczno.bpsieradz.pl\/index.php\/wp-json\/wp\/v2\/tags?post=1078"}],"curies":[{"name":"wp","href":"https:\/\/api.w.org\/{rel}","templated":true}]}}