{"id":1032,"date":"2026-03-09T08:23:12","date_gmt":"2026-03-09T08:23:12","guid":{"rendered":"https:\/\/filiapajeczno.bpsieradz.pl\/?p=1032"},"modified":"2026-03-09T10:35:25","modified_gmt":"2026-03-09T10:35:25","slug":"o-bezpieczenstwie-w-internecie","status":"publish","type":"post","link":"https:\/\/filiapajeczno.bpsieradz.pl\/index.php\/2026\/03\/09\/o-bezpieczenstwie-w-internecie\/","title":{"rendered":"O bezpiecze\u0144stwie w internecie"},"content":{"rendered":"\n<p class=\"wp-block-paragraph\">Biblioteka Pedagogiczna przeprowadzi\u0142a cykl zaj\u0119\u0107 na temat bezpiecze\u0144stwa w internecie, hejcie,cyberprzemocy, prywatno\u015bci online \u2013 w przyst\u0119pny, anga\u017cuj\u0105cy i dostosowany do wieku spos\u00f3b. Internet to ogrom mo\u017cliwo\u015bci, ale te\u017c przestrze\u0144, w kt\u00f3rej warto porusza\u0107 si\u0119 \u015bwiadomie i bezpiecznie. Celem naszych zaj\u0119\u0107 jest nie tylko przekazanie wiedzy, ale przede wszystkim budowanie odpowiedzialno\u015bci, odwagi i kultury szacunku w internecie. Bo bezpieczny internet zaczyna si\u0119 od \u015bwiadomych u\u017cytkownik\u00f3w.<\/p>\n\n\n\n<p class=\"wp-block-paragraph\">Podczas zaj\u0119\u0107 rozmawiali\u015bmy o tym, jak tworzy\u0107 silne has\u0142a, rozpoznawa\u0107 fa\u0142szywe wiadomo\u015bci i pr\u00f3by wy\u0142udze\u0144 oraz jak chroni\u0107 swoje konta i dane osobowe. Uczymy, czym jest cyfrowy \u015blad i dlaczego to, co trafia do sieci, mo\u017ce zosta\u0107 tam na d\u0142ugo. Poruszyli\u015bmy temat hejtu i cyberprzemocy \u2013 pokazuj\u0105c realne konsekwencje emocjonalne i prawne oraz&nbsp; jak reagowa\u0107, gdy kto\u015b do\u015bwiadcza przemocy w sieci. M\u00f3wili\u015bmy te\u017c o prywatno\u015bci: jak zarz\u0105dza\u0107 ustawieniami kont, dlaczego nie warto udost\u0119pnia\u0107 wszystkiego publicznie i jak \u015bwiadomie budowa\u0107 sw\u00f3j wizerunek online. Om\u00f3wili\u015bmy tak\u017ce dost\u0119pne media spo\u0142eczno\u015bciowe, takie jak Facebook, Instagram czy TikTok, i uwra\u017cliwili\u015bmy uczni\u00f3w jak m\u0105drze z nich korzysta\u0107. Podczas lekcji uczulono uczni\u00f3w na to, aby ka\u017cdy przejaw hejtu zg\u0142aszali osobom doros\u0142ym. Poinformowano tak\u017ce o numerze Telefonu Zaufania dla Dzieci i M\u0142odzie\u017cy \u2013 116 111.<\/p>\n\n\n\n<p class=\"wp-block-paragraph\">Dzi\u0119kujemy uczniom i nauczycielom za tak liczne uczestnictwo w lekcjach po\u015bwi\u0119conych bezpiecze\u0144stwu w internecie! Zaanga\u017cowanie i otwarto\u015b\u0107 w rozmowach pokazuj\u0105, \u017ce chcecie \u015bwiadomie i bezpiecznie porusza\u0107 si\u0119 w \u015bwiecie cyfrowym.&nbsp; Razem mo\u017cemy sprawi\u0107, ze internet b\u0119dzie miejscem bezpiecznym i przyjaznym dla ka\u017cdego. Mamy nadziej\u0119, \u017ce uczniowie b\u0119d\u0105 wiedzie\u0107 co im zagra\u017ca i jaki mo\u017ce by\u0107 efekt nieprzemy\u015blanych dzia\u0142a\u0144 online, jak takich zagro\u017ce\u0144 unika\u0107 i jak reagowa\u0107 na niebezpieczne sytuacje w sieci.<\/p>\n\n\n\n<p class=\"wp-block-paragraph\">Nasza biblioteka pedagogiczna otrzyma\u0142a za\u015bwiadczenie o uczestnictwie w obchodach Dnia Bezpiecznego Internetu (DBI) organizowanego w ramach inicjatywy Safer Internet.To dla nas wa\u017cne wyr\u00f3\u017cnienie i potwierdzenie, \u017ce dzia\u0142ania edukacyjne zwi\u0105zane z bezpiecze\u0144stwem w sieci, ochron\u0105 prywatno\u015bci oraz przeciwdzia\u0142aniem hejtowi i cyberprzemocy s\u0105 potrzebne i maj\u0105 realne znaczenie.<\/p>\n\n\n\nngg_shortcode_0_placeholder\n","protected":false},"excerpt":{"rendered":"<p>Biblioteka Pedagogiczna przeprowadzi\u0142a cykl zaj\u0119\u0107 na temat bezpiecze\u0144stwa w internecie, hejcie,cyberprzemocy, prywatno\u015bci online \u2013 w przyst\u0119pny, anga\u017cuj\u0105cy i dostosowany do wieku spos\u00f3b. Internet to ogrom mo\u017cliwo\u015bci, ale te\u017c przestrze\u0144, w &#8230;<\/p>\n","protected":false},"author":1,"featured_media":1061,"comment_status":"closed","ping_status":"open","sticky":false,"template":"","format":"standard","meta":{"_monsterinsights_skip_tracking":false,"ngg_post_thumbnail":0,"footnotes":""},"categories":[3],"tags":[],"class_list":["post-1032","post","type-post","status-publish","format-standard","has-post-thumbnail","hentry","category-aktualnosci"],"aioseo_notices":[],"rttpg_featured_image_url":{"full":["https:\/\/filiapajeczno.bpsieradz.pl\/wp-content\/uploads\/2026\/03\/dbi4.jpg",1536,2048,false],"landscape":["https:\/\/filiapajeczno.bpsieradz.pl\/wp-content\/uploads\/2026\/03\/dbi4.jpg",1536,2048,false],"portraits":["https:\/\/filiapajeczno.bpsieradz.pl\/wp-content\/uploads\/2026\/03\/dbi4.jpg",1536,2048,false],"thumbnail":["https:\/\/filiapajeczno.bpsieradz.pl\/wp-content\/uploads\/2026\/03\/dbi4-150x150.jpg",150,150,true],"medium":["https:\/\/filiapajeczno.bpsieradz.pl\/wp-content\/uploads\/2026\/03\/dbi4-225x300.jpg",225,300,true],"large":["https:\/\/filiapajeczno.bpsieradz.pl\/wp-content\/uploads\/2026\/03\/dbi4-768x1024.jpg",768,1024,true],"1536x1536":["https:\/\/filiapajeczno.bpsieradz.pl\/wp-content\/uploads\/2026\/03\/dbi4-1152x1536.jpg",1152,1536,true],"2048x2048":["https:\/\/filiapajeczno.bpsieradz.pl\/wp-content\/uploads\/2026\/03\/dbi4.jpg",1536,2048,false],"onepress-blog-small":["https:\/\/filiapajeczno.bpsieradz.pl\/wp-content\/uploads\/2026\/03\/dbi4-300x150.jpg",300,150,true],"onepress-small":["https:\/\/filiapajeczno.bpsieradz.pl\/wp-content\/uploads\/2026\/03\/dbi4-480x300.jpg",480,300,true],"onepress-medium":["https:\/\/filiapajeczno.bpsieradz.pl\/wp-content\/uploads\/2026\/03\/dbi4-640x400.jpg",640,400,true]},"rttpg_author":{"display_name":"admin","author_link":"https:\/\/filiapajeczno.bpsieradz.pl\/index.php\/author\/admin\/"},"rttpg_comment":0,"rttpg_category":"<a href=\"https:\/\/filiapajeczno.bpsieradz.pl\/index.php\/category\/aktualnosci\/\" rel=\"category tag\">Aktualno\u015bci<\/a>","rttpg_excerpt":"Biblioteka Pedagogiczna przeprowadzi\u0142a cykl zaj\u0119\u0107 na temat bezpiecze\u0144stwa w internecie, hejcie,cyberprzemocy, prywatno\u015bci online \u2013 w przyst\u0119pny, anga\u017cuj\u0105cy i dostosowany do wieku spos\u00f3b. Internet to ogrom mo\u017cliwo\u015bci, ale te\u017c przestrze\u0144, w ...","_links":{"self":[{"href":"https:\/\/filiapajeczno.bpsieradz.pl\/index.php\/wp-json\/wp\/v2\/posts\/1032","targetHints":{"allow":["GET"]}}],"collection":[{"href":"https:\/\/filiapajeczno.bpsieradz.pl\/index.php\/wp-json\/wp\/v2\/posts"}],"about":[{"href":"https:\/\/filiapajeczno.bpsieradz.pl\/index.php\/wp-json\/wp\/v2\/types\/post"}],"author":[{"embeddable":true,"href":"https:\/\/filiapajeczno.bpsieradz.pl\/index.php\/wp-json\/wp\/v2\/users\/1"}],"replies":[{"embeddable":true,"href":"https:\/\/filiapajeczno.bpsieradz.pl\/index.php\/wp-json\/wp\/v2\/comments?post=1032"}],"version-history":[{"count":1,"href":"https:\/\/filiapajeczno.bpsieradz.pl\/index.php\/wp-json\/wp\/v2\/posts\/1032\/revisions"}],"predecessor-version":[{"id":1046,"href":"https:\/\/filiapajeczno.bpsieradz.pl\/index.php\/wp-json\/wp\/v2\/posts\/1032\/revisions\/1046"}],"wp:featuredmedia":[{"embeddable":true,"href":"https:\/\/filiapajeczno.bpsieradz.pl\/index.php\/wp-json\/wp\/v2\/media\/1061"}],"wp:attachment":[{"href":"https:\/\/filiapajeczno.bpsieradz.pl\/index.php\/wp-json\/wp\/v2\/media?parent=1032"}],"wp:term":[{"taxonomy":"category","embeddable":true,"href":"https:\/\/filiapajeczno.bpsieradz.pl\/index.php\/wp-json\/wp\/v2\/categories?post=1032"},{"taxonomy":"post_tag","embeddable":true,"href":"https:\/\/filiapajeczno.bpsieradz.pl\/index.php\/wp-json\/wp\/v2\/tags?post=1032"}],"curies":[{"name":"wp","href":"https:\/\/api.w.org\/{rel}","templated":true}]}}