{"id":1024,"date":"2026-03-04T08:01:42","date_gmt":"2026-03-04T08:01:42","guid":{"rendered":"https:\/\/filiapajeczno.bpsieradz.pl\/?p=1024"},"modified":"2026-03-04T08:02:34","modified_gmt":"2026-03-04T08:02:34","slug":"konkurs-czytam-wiem-znam","status":"publish","type":"post","link":"https:\/\/filiapajeczno.bpsieradz.pl\/index.php\/2026\/03\/04\/konkurs-czytam-wiem-znam\/","title":{"rendered":"Powiatowy Konkurs Czytelniczy &#8211; &#8222;Czytam, wiem, znam!\u201d"},"content":{"rendered":"\n<p class=\"wp-block-paragraph\">Adresatem konkursu s\u0105 uczniowie klas V \u2013 VIII ze szk\u00f3\u0142 podstawowych z terenu powiatu paj\u0119cza\u0144skiego.<\/p>\n\n\n<div class=\"wp-block-image\">\n<figure class=\"aligncenter size-large\"><img fetchpriority=\"high\" decoding=\"async\" width=\"724\" height=\"1024\" src=\"https:\/\/filiapajeczno.bpsieradz.pl\/wp-content\/uploads\/2026\/03\/Konkurs-Czytam-wiem-znam-724x1024.png\" alt=\"\" class=\"wp-image-1025\" srcset=\"https:\/\/filiapajeczno.bpsieradz.pl\/wp-content\/uploads\/2026\/03\/Konkurs-Czytam-wiem-znam-724x1024.png 724w, https:\/\/filiapajeczno.bpsieradz.pl\/wp-content\/uploads\/2026\/03\/Konkurs-Czytam-wiem-znam-212x300.png 212w, https:\/\/filiapajeczno.bpsieradz.pl\/wp-content\/uploads\/2026\/03\/Konkurs-Czytam-wiem-znam-768x1086.png 768w, https:\/\/filiapajeczno.bpsieradz.pl\/wp-content\/uploads\/2026\/03\/Konkurs-Czytam-wiem-znam-1086x1536.png 1086w, https:\/\/filiapajeczno.bpsieradz.pl\/wp-content\/uploads\/2026\/03\/Konkurs-Czytam-wiem-znam.png 1414w\" sizes=\"(max-width: 724px) 100vw, 724px\" \/><\/figure>\n<\/div>\n\n\n<p class=\"has-text-align-center wp-block-paragraph\"><a href=\"http:\/\/filiapajeczno.bpsieradz.pl\/wp-content\/uploads\/2026\/03\/Regulamin-powiatowego-konkursu-czytelniczego-2026.pdf\" title=\"\">Regulamin Powiatowego Konkursu Czytelniczego &#8222;Czytam, wiem, znam!\u201d<\/a><\/p>\n\n\n\n<p class=\"has-text-align-center wp-block-paragraph\"><a href=\"http:\/\/filiapajeczno.bpsieradz.pl\/wp-content\/uploads\/2026\/03\/Karta-zgloszenia-do-konkursu.pdf\" title=\"\">Karat zg\u0142oszenia do konkursu<\/a><\/p>\n","protected":false},"excerpt":{"rendered":"<p>Adresatem konkursu s\u0105 uczniowie klas V \u2013 VIII ze szk\u00f3\u0142 podstawowych z terenu powiatu paj\u0119cza\u0144skiego. Regulamin Powiatowego Konkursu Czytelniczego &#8222;Czytam, wiem, znam!\u201d Karat zg\u0142oszenia do konkursu<\/p>\n","protected":false},"author":1,"featured_media":1025,"comment_status":"closed","ping_status":"open","sticky":false,"template":"","format":"standard","meta":{"_monsterinsights_skip_tracking":false,"ngg_post_thumbnail":0,"footnotes":""},"categories":[3],"tags":[],"class_list":["post-1024","post","type-post","status-publish","format-standard","has-post-thumbnail","hentry","category-aktualnosci"],"aioseo_notices":[],"rttpg_featured_image_url":{"full":["https:\/\/filiapajeczno.bpsieradz.pl\/wp-content\/uploads\/2026\/03\/Konkurs-Czytam-wiem-znam.png",1414,2000,false],"landscape":["https:\/\/filiapajeczno.bpsieradz.pl\/wp-content\/uploads\/2026\/03\/Konkurs-Czytam-wiem-znam.png",1414,2000,false],"portraits":["https:\/\/filiapajeczno.bpsieradz.pl\/wp-content\/uploads\/2026\/03\/Konkurs-Czytam-wiem-znam.png",1414,2000,false],"thumbnail":["https:\/\/filiapajeczno.bpsieradz.pl\/wp-content\/uploads\/2026\/03\/Konkurs-Czytam-wiem-znam-150x150.png",150,150,true],"medium":["https:\/\/filiapajeczno.bpsieradz.pl\/wp-content\/uploads\/2026\/03\/Konkurs-Czytam-wiem-znam-212x300.png",212,300,true],"large":["https:\/\/filiapajeczno.bpsieradz.pl\/wp-content\/uploads\/2026\/03\/Konkurs-Czytam-wiem-znam-724x1024.png",724,1024,true],"1536x1536":["https:\/\/filiapajeczno.bpsieradz.pl\/wp-content\/uploads\/2026\/03\/Konkurs-Czytam-wiem-znam-1086x1536.png",1086,1536,true],"2048x2048":["https:\/\/filiapajeczno.bpsieradz.pl\/wp-content\/uploads\/2026\/03\/Konkurs-Czytam-wiem-znam.png",1414,2000,false],"onepress-blog-small":["https:\/\/filiapajeczno.bpsieradz.pl\/wp-content\/uploads\/2026\/03\/Konkurs-Czytam-wiem-znam-300x150.png",300,150,true],"onepress-small":["https:\/\/filiapajeczno.bpsieradz.pl\/wp-content\/uploads\/2026\/03\/Konkurs-Czytam-wiem-znam-480x300.png",480,300,true],"onepress-medium":["https:\/\/filiapajeczno.bpsieradz.pl\/wp-content\/uploads\/2026\/03\/Konkurs-Czytam-wiem-znam-640x400.png",640,400,true]},"rttpg_author":{"display_name":"admin","author_link":"https:\/\/filiapajeczno.bpsieradz.pl\/index.php\/author\/admin\/"},"rttpg_comment":0,"rttpg_category":"<a href=\"https:\/\/filiapajeczno.bpsieradz.pl\/index.php\/category\/aktualnosci\/\" rel=\"category tag\">Aktualno\u015bci<\/a>","rttpg_excerpt":"Adresatem konkursu s\u0105 uczniowie klas V \u2013 VIII ze szk\u00f3\u0142 podstawowych z terenu powiatu paj\u0119cza\u0144skiego. Regulamin Powiatowego Konkursu Czytelniczego &#8222;Czytam, wiem, znam!\u201d Karat zg\u0142oszenia do konkursu","_links":{"self":[{"href":"https:\/\/filiapajeczno.bpsieradz.pl\/index.php\/wp-json\/wp\/v2\/posts\/1024","targetHints":{"allow":["GET"]}}],"collection":[{"href":"https:\/\/filiapajeczno.bpsieradz.pl\/index.php\/wp-json\/wp\/v2\/posts"}],"about":[{"href":"https:\/\/filiapajeczno.bpsieradz.pl\/index.php\/wp-json\/wp\/v2\/types\/post"}],"author":[{"embeddable":true,"href":"https:\/\/filiapajeczno.bpsieradz.pl\/index.php\/wp-json\/wp\/v2\/users\/1"}],"replies":[{"embeddable":true,"href":"https:\/\/filiapajeczno.bpsieradz.pl\/index.php\/wp-json\/wp\/v2\/comments?post=1024"}],"version-history":[{"count":2,"href":"https:\/\/filiapajeczno.bpsieradz.pl\/index.php\/wp-json\/wp\/v2\/posts\/1024\/revisions"}],"predecessor-version":[{"id":1030,"href":"https:\/\/filiapajeczno.bpsieradz.pl\/index.php\/wp-json\/wp\/v2\/posts\/1024\/revisions\/1030"}],"wp:featuredmedia":[{"embeddable":true,"href":"https:\/\/filiapajeczno.bpsieradz.pl\/index.php\/wp-json\/wp\/v2\/media\/1025"}],"wp:attachment":[{"href":"https:\/\/filiapajeczno.bpsieradz.pl\/index.php\/wp-json\/wp\/v2\/media?parent=1024"}],"wp:term":[{"taxonomy":"category","embeddable":true,"href":"https:\/\/filiapajeczno.bpsieradz.pl\/index.php\/wp-json\/wp\/v2\/categories?post=1024"},{"taxonomy":"post_tag","embeddable":true,"href":"https:\/\/filiapajeczno.bpsieradz.pl\/index.php\/wp-json\/wp\/v2\/tags?post=1024"}],"curies":[{"name":"wp","href":"https:\/\/api.w.org\/{rel}","templated":true}]}}