{"id":990,"date":"2026-02-17T09:27:34","date_gmt":"2026-02-17T09:27:34","guid":{"rendered":"https:\/\/filiapajeczno.bpsieradz.pl\/?p=990"},"modified":"2026-02-17T09:27:37","modified_gmt":"2026-02-17T09:27:37","slug":"ferie-zimowe-2026","status":"publish","type":"post","link":"http:\/\/filiapajeczno.bpsieradz.pl\/index.php\/2026\/02\/17\/ferie-zimowe-2026\/","title":{"rendered":"Ferie zimowe 2026"},"content":{"rendered":"\n<p class=\"wp-block-paragraph\">Podczas ferii zimowych w naszej bibliotece pedagogicznej nie by\u0142o czasu na nud\u0119. W naszej bibliotece zosta\u0142y przygotowane zaj\u0119cia edukacyjne po\u015bwi\u0119cone bardzo wa\u017cnym tematom. Nie zabrak\u0142o ciekawych rozm\u00f3w, zabaw edukacyjnych i wsp\u00f3lnej wymiany do\u015bwiadcze\u0144.<\/p>\n\n\n\n<p class=\"wp-block-paragraph\"><strong>Bezpiecze\u0144stwo zim\u0105<\/strong><\/p>\n\n\n\n<p class=\"wp-block-paragraph\">Podczas spotka\u0144 z przedszkolakami rozmawiali\u015bmy o tym, jak bezpiecznie sp\u0119dza\u0107 ferie zimowe. Przedszkolaki dowiedzia\u0142y si\u0119, jak m\u0105drze bawi\u0107 si\u0119 na \u015bniegu, dlaczego nie wolno wchodzi\u0107 na zamarzni\u0119te zbiorniki wodne oraz jak dba\u0107 o siebie i zwierz\u0105tka w czasie zimowego wypoczynku. By\u0142y r\u00f3wnie\u017c zabawy ruchowe skacz\u0105cy pingwinek na lodzie bardzo dzieciom si\u0119 podoba\u0142. Zimowy ba\u0142wanek wykonany z dzie\u0107mi to dobre \u0107wiczenie do rozwijania sprawno\u015bci manualnej i wsp\u00f3\u0142pracy, wywo\u0142a\u0142 wiele rado\u015bci i u\u015bmiech\u00f3w.<\/p>\n\n\n\n<p class=\"wp-block-paragraph\"><strong>Bezpiecze\u0144stwo w internecie<\/strong><\/p>\n\n\n\n<p class=\"wp-block-paragraph\">Po tych zaj\u0119ciach przedszkolaki b\u0119d\u0105 wiedzie\u0107 , \u017ce internet&nbsp; daje nam bardzo du\u017co mo\u017cliwo\u015bci, ale opr\u00f3cz dobrych rzeczy przynosi te\u017c r\u00f3\u017cne zagro\u017cenia. Sam internet nie jest z\u0142y, ale trzeba umie\u0107 go&nbsp; m\u0105drze u\u017cywa\u0107.\u201eSie\u0107 internetowa\u201d to zabawa , kt\u00f3ra dzieciom si\u0119 bardzo podoba\u0142a i pokaza\u0142a maluchom jak \u0142\u0105cz\u0105 si\u0119 komputery na ca\u0142ym \u015bwiecie. Internet mo\u017ce by\u0107 \u015bwietna zabaw\u0105, ale tylko wtedy, gdy korzystamy z niego m\u0105drze i bezpiecznie.<\/p>\n\n\n\n<p class=\"wp-block-paragraph\"><strong>Ferie pe\u0142ne zdrowia i energii<\/strong><\/p>\n\n\n\n<p class=\"wp-block-paragraph\">Podczas ferii stawiali\u015bmy na aktywno\u015b\u0107 fizyczn\u0105, zdrowe nawyki i dobre samopoczucie. Przedszkolaki obejrza\u0142y teatrzyk kamishibai \u201eW zdrowym ciele, zdrowy duch\u201d, kt\u00f3ry w przyst\u0119pny i ciekawy spos\u00f3b przybli\u017cy\u0142 dzieciom temat dbania o zdrowie ka\u017cdego dnia.<\/p>\n\n\n\n<p class=\"wp-block-paragraph\">Z drug\u0105 grup\u0105 wsp\u00f3lnie przeczytali\u015bmy bajk\u0119 pt. \u201eKicia Kocia. Witaminowe przyj\u0119cie\u201d, rozmawiaj\u0105c o zdrowym od\u017cywianiu i roli witamin w codziennym \u017cyciu. To by\u0142a doskona\u0142a okazja do kszta\u0142towania zdrowych nawyk\u00f3w ju\u017c od najm\u0142odszych lat.<\/p>\n\n\n\n<p class=\"wp-block-paragraph\"><strong>S\u0142uchamy i ogl\u0105damy! \u2013 feryjne spotkanie z teatrzykiem kamishibai<\/strong><\/p>\n\n\n\n<p class=\"wp-block-paragraph\">Dzieci mia\u0142y okazj\u0119 obejrze\u0107 bajk\u0119 \u201eTrzy \u015bwinki\u201d, zaprezentowan\u0105 w formie magicznego teatrzyku kamishibai. By\u0142o du\u017co uwa\u017cnego s\u0142uchania, wielkich emocji i rado\u015bci ze wsp\u00f3lnego odkrywania historii. Spotkanie z teatrzykiem to nie tylko \u015bwietna zabawa, ale tak\u017ce rozwijanie wyobra\u017ani, koncentracji i mi\u0142o\u015bci do ksi\u0105\u017cek.<\/p>\n\n\n\n<p class=\"wp-block-paragraph\">Dzi\u0119kujemy wszystkim uczestnikom za aktywny udzia\u0142 i wspania\u0142\u0105 atmosfer\u0119! Ferie w bibliotece mog\u0105 by\u0107 nie tylko ciekawe ale i bezpieczne! To by\u0142 wyj\u0105tkowy czas pe\u0142en zabawy, nauki i bezpiecze\u0144stwa.<\/p>\n\n\n\nngg_shortcode_0_placeholder\n","protected":false},"excerpt":{"rendered":"<p>Podczas ferii zimowych w naszej bibliotece pedagogicznej nie by\u0142o czasu na nud\u0119. W naszej bibliotece zosta\u0142y przygotowane zaj\u0119cia edukacyjne po\u015bwi\u0119cone bardzo wa\u017cnym tematom. Nie zabrak\u0142o ciekawych rozm\u00f3w, zabaw edukacyjnych i &#8230;<\/p>\n","protected":false},"author":1,"featured_media":1003,"comment_status":"closed","ping_status":"open","sticky":false,"template":"","format":"standard","meta":{"_monsterinsights_skip_tracking":false,"ngg_post_thumbnail":0,"footnotes":""},"categories":[3],"tags":[],"class_list":["post-990","post","type-post","status-publish","format-standard","has-post-thumbnail","hentry","category-aktualnosci"],"aioseo_notices":[],"rttpg_featured_image_url":{"full":["http:\/\/filiapajeczno.bpsieradz.pl\/wp-content\/uploads\/2026\/02\/ferie-7.jpg",1536,2048,false],"landscape":["http:\/\/filiapajeczno.bpsieradz.pl\/wp-content\/uploads\/2026\/02\/ferie-7.jpg",1536,2048,false],"portraits":["http:\/\/filiapajeczno.bpsieradz.pl\/wp-content\/uploads\/2026\/02\/ferie-7.jpg",1536,2048,false],"thumbnail":["http:\/\/filiapajeczno.bpsieradz.pl\/wp-content\/uploads\/2026\/02\/ferie-7-150x150.jpg",150,150,true],"medium":["http:\/\/filiapajeczno.bpsieradz.pl\/wp-content\/uploads\/2026\/02\/ferie-7-225x300.jpg",225,300,true],"large":["http:\/\/filiapajeczno.bpsieradz.pl\/wp-content\/uploads\/2026\/02\/ferie-7-768x1024.jpg",768,1024,true],"1536x1536":["http:\/\/filiapajeczno.bpsieradz.pl\/wp-content\/uploads\/2026\/02\/ferie-7-1152x1536.jpg",1152,1536,true],"2048x2048":["http:\/\/filiapajeczno.bpsieradz.pl\/wp-content\/uploads\/2026\/02\/ferie-7.jpg",1536,2048,false],"onepress-blog-small":["http:\/\/filiapajeczno.bpsieradz.pl\/wp-content\/uploads\/2026\/02\/ferie-7-300x150.jpg",300,150,true],"onepress-small":["http:\/\/filiapajeczno.bpsieradz.pl\/wp-content\/uploads\/2026\/02\/ferie-7-480x300.jpg",480,300,true],"onepress-medium":["http:\/\/filiapajeczno.bpsieradz.pl\/wp-content\/uploads\/2026\/02\/ferie-7-640x400.jpg",640,400,true]},"rttpg_author":{"display_name":"admin","author_link":"http:\/\/filiapajeczno.bpsieradz.pl\/index.php\/author\/admin\/"},"rttpg_comment":0,"rttpg_category":"<a href=\"http:\/\/filiapajeczno.bpsieradz.pl\/index.php\/category\/aktualnosci\/\" rel=\"category tag\">Aktualno\u015bci<\/a>","rttpg_excerpt":"Podczas ferii zimowych w naszej bibliotece pedagogicznej nie by\u0142o czasu na nud\u0119. W naszej bibliotece zosta\u0142y przygotowane zaj\u0119cia edukacyjne po\u015bwi\u0119cone bardzo wa\u017cnym tematom. Nie zabrak\u0142o ciekawych rozm\u00f3w, zabaw edukacyjnych i ...","_links":{"self":[{"href":"http:\/\/filiapajeczno.bpsieradz.pl\/index.php\/wp-json\/wp\/v2\/posts\/990","targetHints":{"allow":["GET"]}}],"collection":[{"href":"http:\/\/filiapajeczno.bpsieradz.pl\/index.php\/wp-json\/wp\/v2\/posts"}],"about":[{"href":"http:\/\/filiapajeczno.bpsieradz.pl\/index.php\/wp-json\/wp\/v2\/types\/post"}],"author":[{"embeddable":true,"href":"http:\/\/filiapajeczno.bpsieradz.pl\/index.php\/wp-json\/wp\/v2\/users\/1"}],"replies":[{"embeddable":true,"href":"http:\/\/filiapajeczno.bpsieradz.pl\/index.php\/wp-json\/wp\/v2\/comments?post=990"}],"version-history":[{"count":1,"href":"http:\/\/filiapajeczno.bpsieradz.pl\/index.php\/wp-json\/wp\/v2\/posts\/990\/revisions"}],"predecessor-version":[{"id":1004,"href":"http:\/\/filiapajeczno.bpsieradz.pl\/index.php\/wp-json\/wp\/v2\/posts\/990\/revisions\/1004"}],"wp:featuredmedia":[{"embeddable":true,"href":"http:\/\/filiapajeczno.bpsieradz.pl\/index.php\/wp-json\/wp\/v2\/media\/1003"}],"wp:attachment":[{"href":"http:\/\/filiapajeczno.bpsieradz.pl\/index.php\/wp-json\/wp\/v2\/media?parent=990"}],"wp:term":[{"taxonomy":"category","embeddable":true,"href":"http:\/\/filiapajeczno.bpsieradz.pl\/index.php\/wp-json\/wp\/v2\/categories?post=990"},{"taxonomy":"post_tag","embeddable":true,"href":"http:\/\/filiapajeczno.bpsieradz.pl\/index.php\/wp-json\/wp\/v2\/tags?post=990"}],"curies":[{"name":"wp","href":"https:\/\/api.w.org\/{rel}","templated":true}]}}