{"id":978,"date":"2026-01-28T08:49:44","date_gmt":"2026-01-28T08:49:44","guid":{"rendered":"https:\/\/filiapajeczno.bpsieradz.pl\/?p=978"},"modified":"2026-01-28T08:50:09","modified_gmt":"2026-01-28T08:50:09","slug":"czy-znasz-czy-wiesz-powiatowy-konkurs-czytelniczy-uroczyste-zakonczenie","status":"publish","type":"post","link":"http:\/\/filiapajeczno.bpsieradz.pl\/index.php\/2026\/01\/28\/czy-znasz-czy-wiesz-powiatowy-konkurs-czytelniczy-uroczyste-zakonczenie\/","title":{"rendered":"\u201eCzy znasz?, czy wiesz?\u201d \u2013 powiatowy konkurs czytelniczy &#8211; uroczyste zako\u0144czenie!"},"content":{"rendered":"\n<p class=\"wp-block-paragraph\">W dniu 27.01.2026 r. w CREW\u0141 w Sieradzu Biblioteka Pedagogiczna w Sieradzu Filia w Paj\u0119cznie odby\u0142o si\u0119 uroczyste zako\u0144czenie i podsumowanie powiatowego konkursu czytelniczego pt. \u201eCzy znasz?, czy wiesz ?\u201d, kt\u00f3ry by\u0142 adresowany do uczni\u00f3w klas V \u2013 VIII szk\u00f3\u0142 podstawowych z terenu powiatu paj\u0119cza\u0144skiego. Uczniowie finali\u015bci eliminacji szkolnych zmagali si\u0119 z pytaniami konkursowymi nt. znajomo\u015bci tre\u015bci 3 wybranych ksi\u0105\u017cek, a dzi\u015b laureaci konkursu z 11. szk\u00f3\u0142 podstawowych z powiatu przybyli po odbi\u00f3r dyplom\u00f3w i nagr\u00f3d. Go\u015bciem uroczystego podsumowania konkursu by\u0142a Pani Daniela Danielewska \u2013 Matusiak, wicedyrektor Centrum Rozwoju Edukacji Wojew\u00f3dztwa \u0141\u00f3dzkiego w Sieradzu, kt\u00f3ra uczniom laureatom wr\u0119czy\u0142a dyplomy i nagrody. Pani wicedyrektor podzi\u0119kowa\u0142a tak\u017ce nauczycielom za zaanga\u017cowanie i zach\u0119cenie uczni\u00f3w do udzia\u0142u w konkursie, a uczniom pogratulowa\u0142a wiedzy i osi\u0105gni\u0119tych wynik\u00f3w. Biblioteka Pedagogiczna w Paj\u0119cznie tak\u017ce, jako organizator, dzi\u0119kuje wszystkim uczestnikom konkursu za udzia\u0142, a uczniom i ich opiekunom gratulujemy!&nbsp; Komisja konkursowa po sprawdzeniu arkuszy z testem wiedzy wy\u0142oni\u0142a 10 laureat\u00f3w.<\/p>\n\n\n\n<p class=\"wp-block-paragraph\">WYNIKI KONKURSU:<\/p>\n\n\n\n<p class=\"wp-block-paragraph\">1 miejsce ex aequo:<\/p>\n\n\n\n<ul class=\"wp-block-list\">\n<li><strong>Iga Wdowczyk<\/strong> kl. VI Szko\u0142a Podstawowa im. Marcina Bielskiego w Bia\u0142ej<\/li>\n\n\n\n<li><strong>Hubert Napieraj<\/strong> kl. VII Zesp\u00f3\u0142 Szkolno- Przedszkolny im. Marii Konopnickiej w Raciszynie<\/li>\n<\/ul>\n\n\n\n<p class=\"wp-block-paragraph\">2 miejsce ex aequo<\/p>\n\n\n\n<ul class=\"wp-block-list\">\n<li><strong>Dominika Jakubowska<\/strong> kl. VII Szko\u0142a Podstawowa w Wiewcu<\/li>\n\n\n\n<li><strong>Krzysztof Szewczyk<\/strong> kl. VII Zesp\u00f3\u0142 Szkolno -Przedszkolny im. Marii Konopnickiej w Raciszynie<\/li>\n<\/ul>\n\n\n\n<p class=\"wp-block-paragraph\">3 miejsce<\/p>\n\n\n\n<ul class=\"wp-block-list\">\n<li>\u00a0<strong>Natalia G\u00f3rska<\/strong> kl. VI Szko\u0142a Podstawowa im. Marcina Bielskiego w Bia\u0142ej<\/li>\n<\/ul>\n\n\n\n<p class=\"wp-block-paragraph\">WYR\u00d3\u017bNIENIA:<\/p>\n\n\n\n<ul class=\"wp-block-list\">\n<li><strong>Magdalena Gr\u0105dzik<\/strong> kl. VII Szko\u0142a Podstawowa w Wiewcu<\/li>\n\n\n\n<li><strong>Zuzanna Modli\u0144ska<\/strong> kl. VIII a Szko\u0142a Podstawowa nr 2 im. Polskich Noblist\u00f3w w Paj\u0119cznie<\/li>\n\n\n\n<li><strong>Franciszek St\u0119pie\u0144 <\/strong>kl. VII a Zesp\u00f3\u0142 Szkolno-Przedszkolny w Tr\u0119baczewie<\/li>\n\n\n\n<li><strong>Julia So\u0142tysiak<\/strong> kl. VII Szko\u0142a Podstawowa im. Jana Brzechwy w Makowiskach<\/li>\n\n\n\n<li><strong>Ewa \u0142awniczek<\/strong> kl. VII Zesp\u00f3\u0142 Szkolno &#8211; Przedszkolny\u00a0 im. Jana Paw\u0142a II w Rz\u0105\u015bni<\/li>\n<\/ul>\n\n\n\n<p class=\"wp-block-paragraph\">Laureatom GRATULUJEMY! Wszystkim pozosta\u0142ym uczestnikom dzi\u0119kujemy za udzia\u0142 w konkursie, a nauczycielom za zaanga\u017cowanie.<\/p>\n\n\n\nngg_shortcode_0_placeholder\n","protected":false},"excerpt":{"rendered":"<p>W dniu 27.01.2026 r. w CREW\u0141 w Sieradzu Biblioteka Pedagogiczna w Sieradzu Filia w Paj\u0119cznie odby\u0142o si\u0119 uroczyste zako\u0144czenie i podsumowanie powiatowego konkursu czytelniczego pt. \u201eCzy znasz?, czy wiesz ?\u201d, &#8230;<\/p>\n","protected":false},"author":1,"featured_media":979,"comment_status":"closed","ping_status":"open","sticky":false,"template":"","format":"standard","meta":{"_monsterinsights_skip_tracking":false,"ngg_post_thumbnail":0,"footnotes":""},"categories":[3],"tags":[],"class_list":["post-978","post","type-post","status-publish","format-standard","has-post-thumbnail","hentry","category-aktualnosci"],"aioseo_notices":[],"rttpg_featured_image_url":{"full":["http:\/\/filiapajeczno.bpsieradz.pl\/wp-content\/uploads\/2026\/01\/ulW2RX8r.jpg",2048,2048,false],"landscape":["http:\/\/filiapajeczno.bpsieradz.pl\/wp-content\/uploads\/2026\/01\/ulW2RX8r.jpg",2048,2048,false],"portraits":["http:\/\/filiapajeczno.bpsieradz.pl\/wp-content\/uploads\/2026\/01\/ulW2RX8r.jpg",2048,2048,false],"thumbnail":["http:\/\/filiapajeczno.bpsieradz.pl\/wp-content\/uploads\/2026\/01\/ulW2RX8r-150x150.jpg",150,150,true],"medium":["http:\/\/filiapajeczno.bpsieradz.pl\/wp-content\/uploads\/2026\/01\/ulW2RX8r-300x300.jpg",300,300,true],"large":["http:\/\/filiapajeczno.bpsieradz.pl\/wp-content\/uploads\/2026\/01\/ulW2RX8r-1024x1024.jpg",800,800,true],"1536x1536":["http:\/\/filiapajeczno.bpsieradz.pl\/wp-content\/uploads\/2026\/01\/ulW2RX8r-1536x1536.jpg",1536,1536,true],"2048x2048":["http:\/\/filiapajeczno.bpsieradz.pl\/wp-content\/uploads\/2026\/01\/ulW2RX8r.jpg",2048,2048,false],"onepress-blog-small":["http:\/\/filiapajeczno.bpsieradz.pl\/wp-content\/uploads\/2026\/01\/ulW2RX8r-300x150.jpg",300,150,true],"onepress-small":["http:\/\/filiapajeczno.bpsieradz.pl\/wp-content\/uploads\/2026\/01\/ulW2RX8r-480x300.jpg",480,300,true],"onepress-medium":["http:\/\/filiapajeczno.bpsieradz.pl\/wp-content\/uploads\/2026\/01\/ulW2RX8r-640x400.jpg",640,400,true]},"rttpg_author":{"display_name":"admin","author_link":"http:\/\/filiapajeczno.bpsieradz.pl\/index.php\/author\/admin\/"},"rttpg_comment":0,"rttpg_category":"<a href=\"http:\/\/filiapajeczno.bpsieradz.pl\/index.php\/category\/aktualnosci\/\" rel=\"category tag\">Aktualno\u015bci<\/a>","rttpg_excerpt":"W dniu 27.01.2026 r. w CREW\u0141 w Sieradzu Biblioteka Pedagogiczna w Sieradzu Filia w Paj\u0119cznie odby\u0142o si\u0119 uroczyste zako\u0144czenie i podsumowanie powiatowego konkursu czytelniczego pt. \u201eCzy znasz?, czy wiesz ?\u201d, ...","_links":{"self":[{"href":"http:\/\/filiapajeczno.bpsieradz.pl\/index.php\/wp-json\/wp\/v2\/posts\/978","targetHints":{"allow":["GET"]}}],"collection":[{"href":"http:\/\/filiapajeczno.bpsieradz.pl\/index.php\/wp-json\/wp\/v2\/posts"}],"about":[{"href":"http:\/\/filiapajeczno.bpsieradz.pl\/index.php\/wp-json\/wp\/v2\/types\/post"}],"author":[{"embeddable":true,"href":"http:\/\/filiapajeczno.bpsieradz.pl\/index.php\/wp-json\/wp\/v2\/users\/1"}],"replies":[{"embeddable":true,"href":"http:\/\/filiapajeczno.bpsieradz.pl\/index.php\/wp-json\/wp\/v2\/comments?post=978"}],"version-history":[{"count":2,"href":"http:\/\/filiapajeczno.bpsieradz.pl\/index.php\/wp-json\/wp\/v2\/posts\/978\/revisions"}],"predecessor-version":[{"id":988,"href":"http:\/\/filiapajeczno.bpsieradz.pl\/index.php\/wp-json\/wp\/v2\/posts\/978\/revisions\/988"}],"wp:featuredmedia":[{"embeddable":true,"href":"http:\/\/filiapajeczno.bpsieradz.pl\/index.php\/wp-json\/wp\/v2\/media\/979"}],"wp:attachment":[{"href":"http:\/\/filiapajeczno.bpsieradz.pl\/index.php\/wp-json\/wp\/v2\/media?parent=978"}],"wp:term":[{"taxonomy":"category","embeddable":true,"href":"http:\/\/filiapajeczno.bpsieradz.pl\/index.php\/wp-json\/wp\/v2\/categories?post=978"},{"taxonomy":"post_tag","embeddable":true,"href":"http:\/\/filiapajeczno.bpsieradz.pl\/index.php\/wp-json\/wp\/v2\/tags?post=978"}],"curies":[{"name":"wp","href":"https:\/\/api.w.org\/{rel}","templated":true}]}}