{"id":948,"date":"2025-12-12T09:58:33","date_gmt":"2025-12-12T09:58:33","guid":{"rendered":"https:\/\/filiapajeczno.bpsieradz.pl\/?p=948"},"modified":"2025-12-12T09:58:33","modified_gmt":"2025-12-12T09:58:33","slug":"czy-znasz-czy-wiesz-powiatowy-konkurs-czytelniczy-4","status":"publish","type":"post","link":"http:\/\/filiapajeczno.bpsieradz.pl\/index.php\/2025\/12\/12\/czy-znasz-czy-wiesz-powiatowy-konkurs-czytelniczy-4\/","title":{"rendered":"Czy znasz?, czy wiesz?\u201d \u2013 powiatowy konkurs czytelniczy"},"content":{"rendered":"\n<p class=\"wp-block-paragraph\">W dniu 10.12.2025 r. odby\u0142 si\u0119 w naszej plac\u00f3wce II etap powiatowego konkursu czytelniczego \u201eCzy znasz ?, czy wiesz ?\u201d, kt\u00f3ry by\u0142 adresowany do uczni\u00f3w klas V- VIII szk\u00f3\u0142 podstawowych\u00a0z terenu powiatu paj\u0119cza\u0144skiego. Przedmiotem konkursu by\u0142a znajomo\u015b\u0107 tre\u015bci trzech ksi\u0105\u017cek tj. \u201eDziwne spodnie\u201d Barbary Kosmowskiej, \u201eWszystkie lajki Marczuka\u201d Paw\u0142a Ber\u0119sewicza, \u201eSi\u0142aczka\u201d Stefana \u017beromskiego. Cel konkursu to \u2013 szerzenie kultury ksi\u0105\u017cki, rozbudzanie zainteresowa\u0144 literatur\u0105, promocja czytelnictwa, utrwalanie nawyku obcowania z ksi\u0105\u017ck\u0105. Etap I \u2013 eliminacje, odby\u0142 si\u0119 w macierzystych szko\u0142ach uczni\u00f3w. Ka\u017cda plac\u00f3wka mog\u0142a zg\u0142osi\u0107 do II etapu 3 uczni\u00f3w. Og\u00f3\u0142em zg\u0142oszono 31 uczni\u00f3w z 11 szk\u00f3\u0142 podstawowych z terenu powiatu paj\u0119cza\u0144skiego.<\/p>\n\n\n\n<ul class=\"wp-block-list\">\n<li>SP im. Marcina Bielskiego w Bia\u0142ej<\/li>\n\n\n\n<li>SP w Chorzewie<\/li>\n\n\n\n<li>SP w Wiewcu<\/li>\n\n\n\n<li>&nbsp;SP im. Jana Brzechwy w Makowiska,<\/li>\n\n\n\n<li>SP nr 1 im. Juliana Tuwima w Paj\u0119cznie,<\/li>\n\n\n\n<li>SP nr 2 im. Polskich Noblist\u00f3w w Paj\u0119cznie<\/li>\n\n\n\n<li>SP im. Kornela Makuszy\u0144skiego w Siemkowicach<\/li>\n\n\n\n<li>SP im. Adama Mickiewicza w Kie\u0142czyg\u0142owie<\/li>\n\n\n\n<li>Zesp\u00f3\u0142 Szkolno-Przedszkolny w Raciszynie<\/li>\n\n\n\n<li>SP im. ks. Jana Twardowskiego w Tr\u0119baczewie<\/li>\n\n\n\n<li>Zesp\u00f3\u0142 Szkolno-Przedszkolny im. Jana Paw\u0142a II w Rz\u0105\u015bni<\/li>\n<\/ul>\n\n\n\n<p class=\"wp-block-paragraph\">Uczniowie po wylosowaniu stanowisk, kt\u00f3re rozlokowane by\u0142y w r\u00f3\u017cnych miejscach biblioteki, zmierzyli si\u0119 z trudnym testem wiedzy nt. znajomo\u015bci tre\u015bci konkursowych lektur i musieli odpowiedzie\u0107 na 142 pytania! Czas 45 minut. Jeste\u015bmy pod ogromnym wra\u017ceniem zaanga\u017cowania uczni\u00f3w i nauczycieli. Dzi\u0119kujemy nauczycielom za zach\u0119cenie uczni\u00f3w do udzia\u0142u w konkursie, po\u015bwi\u0119cony czas na ich przygotowanie, mobilizowanie m\u0142odzie\u017cy oraz budowanie w nich mi\u0142o\u015bci do literatury, zorganizowanie przyjazdu do Biblioteki Pedagogicznej w Paj\u0119cznie, a uczniom za entuzjazm i inspiruj\u0105ce podej\u015bcie do czytania oraz czas po\u015bwi\u0119cony na lektur\u0119 konkursow\u0105. Wasza wsp\u00f3\u0142praca pokazuje, \u017ce czytanie \u0142\u0105czy! Komisja wkr\u00f3tce rozpocznie sprawdzanie prac,\u00a0a o wynikach i uroczystym wr\u0119czeniu nagr\u00f3d zawiadomimy szko\u0142y bior\u0105ce udzia\u0142 w konkursie.<\/p>\n\n\n\nngg_shortcode_0_placeholder\n","protected":false},"excerpt":{"rendered":"<p>W dniu 10.12.2025 r. odby\u0142 si\u0119 w naszej plac\u00f3wce II etap powiatowego konkursu czytelniczego \u201eCzy znasz ?, czy wiesz ?\u201d, kt\u00f3ry by\u0142 adresowany do uczni\u00f3w klas V- VIII szk\u00f3\u0142 podstawowych\u00a0z &#8230;<\/p>\n","protected":false},"author":1,"featured_media":949,"comment_status":"closed","ping_status":"open","sticky":false,"template":"","format":"standard","meta":{"_monsterinsights_skip_tracking":false,"ngg_post_thumbnail":0,"footnotes":""},"categories":[3],"tags":[],"class_list":["post-948","post","type-post","status-publish","format-standard","has-post-thumbnail","hentry","category-aktualnosci"],"aioseo_notices":[],"rttpg_featured_image_url":{"full":["http:\/\/filiapajeczno.bpsieradz.pl\/wp-content\/uploads\/2025\/12\/5JTjjjdZ.jpg",1538,2048,false],"landscape":["http:\/\/filiapajeczno.bpsieradz.pl\/wp-content\/uploads\/2025\/12\/5JTjjjdZ.jpg",1538,2048,false],"portraits":["http:\/\/filiapajeczno.bpsieradz.pl\/wp-content\/uploads\/2025\/12\/5JTjjjdZ.jpg",1538,2048,false],"thumbnail":["http:\/\/filiapajeczno.bpsieradz.pl\/wp-content\/uploads\/2025\/12\/5JTjjjdZ-150x150.jpg",150,150,true],"medium":["http:\/\/filiapajeczno.bpsieradz.pl\/wp-content\/uploads\/2025\/12\/5JTjjjdZ-225x300.jpg",225,300,true],"large":["http:\/\/filiapajeczno.bpsieradz.pl\/wp-content\/uploads\/2025\/12\/5JTjjjdZ-769x1024.jpg",769,1024,true],"1536x1536":["http:\/\/filiapajeczno.bpsieradz.pl\/wp-content\/uploads\/2025\/12\/5JTjjjdZ-1154x1536.jpg",1154,1536,true],"2048x2048":["http:\/\/filiapajeczno.bpsieradz.pl\/wp-content\/uploads\/2025\/12\/5JTjjjdZ.jpg",1538,2048,false],"onepress-blog-small":["http:\/\/filiapajeczno.bpsieradz.pl\/wp-content\/uploads\/2025\/12\/5JTjjjdZ-300x150.jpg",300,150,true],"onepress-small":["http:\/\/filiapajeczno.bpsieradz.pl\/wp-content\/uploads\/2025\/12\/5JTjjjdZ-480x300.jpg",480,300,true],"onepress-medium":["http:\/\/filiapajeczno.bpsieradz.pl\/wp-content\/uploads\/2025\/12\/5JTjjjdZ-640x400.jpg",640,400,true]},"rttpg_author":{"display_name":"admin","author_link":"http:\/\/filiapajeczno.bpsieradz.pl\/index.php\/author\/admin\/"},"rttpg_comment":0,"rttpg_category":"<a href=\"http:\/\/filiapajeczno.bpsieradz.pl\/index.php\/category\/aktualnosci\/\" rel=\"category tag\">Aktualno\u015bci<\/a>","rttpg_excerpt":"W dniu 10.12.2025 r. odby\u0142 si\u0119 w naszej plac\u00f3wce II etap powiatowego konkursu czytelniczego \u201eCzy znasz ?, czy wiesz ?\u201d, kt\u00f3ry by\u0142 adresowany do uczni\u00f3w klas V- VIII szk\u00f3\u0142 podstawowych\u00a0z ...","_links":{"self":[{"href":"http:\/\/filiapajeczno.bpsieradz.pl\/index.php\/wp-json\/wp\/v2\/posts\/948","targetHints":{"allow":["GET"]}}],"collection":[{"href":"http:\/\/filiapajeczno.bpsieradz.pl\/index.php\/wp-json\/wp\/v2\/posts"}],"about":[{"href":"http:\/\/filiapajeczno.bpsieradz.pl\/index.php\/wp-json\/wp\/v2\/types\/post"}],"author":[{"embeddable":true,"href":"http:\/\/filiapajeczno.bpsieradz.pl\/index.php\/wp-json\/wp\/v2\/users\/1"}],"replies":[{"embeddable":true,"href":"http:\/\/filiapajeczno.bpsieradz.pl\/index.php\/wp-json\/wp\/v2\/comments?post=948"}],"version-history":[{"count":1,"href":"http:\/\/filiapajeczno.bpsieradz.pl\/index.php\/wp-json\/wp\/v2\/posts\/948\/revisions"}],"predecessor-version":[{"id":954,"href":"http:\/\/filiapajeczno.bpsieradz.pl\/index.php\/wp-json\/wp\/v2\/posts\/948\/revisions\/954"}],"wp:featuredmedia":[{"embeddable":true,"href":"http:\/\/filiapajeczno.bpsieradz.pl\/index.php\/wp-json\/wp\/v2\/media\/949"}],"wp:attachment":[{"href":"http:\/\/filiapajeczno.bpsieradz.pl\/index.php\/wp-json\/wp\/v2\/media?parent=948"}],"wp:term":[{"taxonomy":"category","embeddable":true,"href":"http:\/\/filiapajeczno.bpsieradz.pl\/index.php\/wp-json\/wp\/v2\/categories?post=948"},{"taxonomy":"post_tag","embeddable":true,"href":"http:\/\/filiapajeczno.bpsieradz.pl\/index.php\/wp-json\/wp\/v2\/tags?post=948"}],"curies":[{"name":"wp","href":"https:\/\/api.w.org\/{rel}","templated":true}]}}