{"id":935,"date":"2025-12-03T08:04:50","date_gmt":"2025-12-03T08:04:50","guid":{"rendered":"https:\/\/filiapajeczno.bpsieradz.pl\/?p=935"},"modified":"2025-12-03T08:04:51","modified_gmt":"2025-12-03T08:04:51","slug":"swiatowy-dzien-pluszowego-misia","status":"publish","type":"post","link":"http:\/\/filiapajeczno.bpsieradz.pl\/index.php\/2025\/12\/03\/swiatowy-dzien-pluszowego-misia\/","title":{"rendered":"\u015awiatowy Dzie\u0144 Pluszowego Misia"},"content":{"rendered":"\n<p class=\"wp-block-paragraph\">Z okazji \u015awiatowego Dnia Pluszowego Misia, kt\u00f3ry przypada corocznie 25 listopada nasz\u0105 bibliotek\u0119 odwiedzi\u0142y przedszkolaki z PP nr 1 w Paj\u0119cznie i PP nr 2 oraz z Zespo\u0142u Szkolno \u2013 Przedszkolnego w Bogumi\u0142owicach. Przedszkolaki podczas spotkania\u00a0 wys\u0142ucha\u0142y opowiadania\u00a0o przygodach Kubusia Puchatka, a nast\u0119pnie wzi\u0119\u0142y udzia\u0142 w radosnych zabawach i aktywno\u015bciach zwi\u0105zanych z misiowym \u015bwi\u0119tem. By\u0142o bardzo du\u017co zabawy, \u015bmiechu, zgadywanek, kt\u00f3re przedszkolakom bardzo si\u0119 podoba\u0142y. Wszystkie bajkowe misie bra\u0142y udzia\u0142\u00a0\u00a0 w naszym przyj\u0119ciu urodzinowym. Nie zabrak\u0142o pl\u0105s\u00f3w, zabaw ruchowo-na\u015bladowczych i ch\u00f3ralnego od\u015bpiewania 100 lat &#8211; bo przecie\u017c pluszowy mi\u015b to przyjaciel ka\u017cdego dziecka! Mi\u0142o\u015b\u0107 do przytulanek nie zna granic i z tej mi\u0142o\u015bci nigdy si\u0119 nie wyrasta. Zabawa by\u0142a udana, go\u015bcie zadowoleni i co najwa\u017cniejsze to by\u0142y dni pe\u0142ne u\u015bmiechu, kt\u00f3ry pluszowy Mi\u015b zawsze w nas wzbudza.<\/p>\n\n\n\n<p class=\"wp-block-paragraph\">Dzi\u0119kujemy wszystkim przedszkolakom za cudown\u0105 atmosfer\u0119 i wsp\u00f3lne \u015bwi\u0119towanie. Mi\u015b to prawdziwy przyjaciel wszystkich dzieci.<\/p>\n\n\n\nngg_shortcode_0_placeholder\n","protected":false},"excerpt":{"rendered":"<p>Z okazji \u015awiatowego Dnia Pluszowego Misia, kt\u00f3ry przypada corocznie 25 listopada nasz\u0105 bibliotek\u0119 odwiedzi\u0142y przedszkolaki z PP nr 1 w Paj\u0119cznie i PP nr 2 oraz z Zespo\u0142u Szkolno \u2013 &#8230;<\/p>\n","protected":false},"author":1,"featured_media":943,"comment_status":"closed","ping_status":"open","sticky":false,"template":"","format":"standard","meta":{"_monsterinsights_skip_tracking":false,"ngg_post_thumbnail":0,"footnotes":""},"categories":[3],"tags":[],"class_list":["post-935","post","type-post","status-publish","format-standard","has-post-thumbnail","hentry","category-aktualnosci"],"aioseo_notices":[],"rttpg_featured_image_url":{"full":["http:\/\/filiapajeczno.bpsieradz.pl\/wp-content\/uploads\/2025\/12\/1.jpg",2048,2048,false],"landscape":["http:\/\/filiapajeczno.bpsieradz.pl\/wp-content\/uploads\/2025\/12\/1.jpg",2048,2048,false],"portraits":["http:\/\/filiapajeczno.bpsieradz.pl\/wp-content\/uploads\/2025\/12\/1.jpg",2048,2048,false],"thumbnail":["http:\/\/filiapajeczno.bpsieradz.pl\/wp-content\/uploads\/2025\/12\/1-150x150.jpg",150,150,true],"medium":["http:\/\/filiapajeczno.bpsieradz.pl\/wp-content\/uploads\/2025\/12\/1-300x300.jpg",300,300,true],"large":["http:\/\/filiapajeczno.bpsieradz.pl\/wp-content\/uploads\/2025\/12\/1-1024x1024.jpg",800,800,true],"1536x1536":["http:\/\/filiapajeczno.bpsieradz.pl\/wp-content\/uploads\/2025\/12\/1-1536x1536.jpg",1536,1536,true],"2048x2048":["http:\/\/filiapajeczno.bpsieradz.pl\/wp-content\/uploads\/2025\/12\/1.jpg",2048,2048,false],"onepress-blog-small":["http:\/\/filiapajeczno.bpsieradz.pl\/wp-content\/uploads\/2025\/12\/1-300x150.jpg",300,150,true],"onepress-small":["http:\/\/filiapajeczno.bpsieradz.pl\/wp-content\/uploads\/2025\/12\/1-480x300.jpg",480,300,true],"onepress-medium":["http:\/\/filiapajeczno.bpsieradz.pl\/wp-content\/uploads\/2025\/12\/1-640x400.jpg",640,400,true]},"rttpg_author":{"display_name":"admin","author_link":"http:\/\/filiapajeczno.bpsieradz.pl\/index.php\/author\/admin\/"},"rttpg_comment":0,"rttpg_category":"<a href=\"http:\/\/filiapajeczno.bpsieradz.pl\/index.php\/category\/aktualnosci\/\" rel=\"category tag\">Aktualno\u015bci<\/a>","rttpg_excerpt":"Z okazji \u015awiatowego Dnia Pluszowego Misia, kt\u00f3ry przypada corocznie 25 listopada nasz\u0105 bibliotek\u0119 odwiedzi\u0142y przedszkolaki z PP nr 1 w Paj\u0119cznie i PP nr 2 oraz z Zespo\u0142u Szkolno \u2013 ...","_links":{"self":[{"href":"http:\/\/filiapajeczno.bpsieradz.pl\/index.php\/wp-json\/wp\/v2\/posts\/935","targetHints":{"allow":["GET"]}}],"collection":[{"href":"http:\/\/filiapajeczno.bpsieradz.pl\/index.php\/wp-json\/wp\/v2\/posts"}],"about":[{"href":"http:\/\/filiapajeczno.bpsieradz.pl\/index.php\/wp-json\/wp\/v2\/types\/post"}],"author":[{"embeddable":true,"href":"http:\/\/filiapajeczno.bpsieradz.pl\/index.php\/wp-json\/wp\/v2\/users\/1"}],"replies":[{"embeddable":true,"href":"http:\/\/filiapajeczno.bpsieradz.pl\/index.php\/wp-json\/wp\/v2\/comments?post=935"}],"version-history":[{"count":1,"href":"http:\/\/filiapajeczno.bpsieradz.pl\/index.php\/wp-json\/wp\/v2\/posts\/935\/revisions"}],"predecessor-version":[{"id":944,"href":"http:\/\/filiapajeczno.bpsieradz.pl\/index.php\/wp-json\/wp\/v2\/posts\/935\/revisions\/944"}],"wp:featuredmedia":[{"embeddable":true,"href":"http:\/\/filiapajeczno.bpsieradz.pl\/index.php\/wp-json\/wp\/v2\/media\/943"}],"wp:attachment":[{"href":"http:\/\/filiapajeczno.bpsieradz.pl\/index.php\/wp-json\/wp\/v2\/media?parent=935"}],"wp:term":[{"taxonomy":"category","embeddable":true,"href":"http:\/\/filiapajeczno.bpsieradz.pl\/index.php\/wp-json\/wp\/v2\/categories?post=935"},{"taxonomy":"post_tag","embeddable":true,"href":"http:\/\/filiapajeczno.bpsieradz.pl\/index.php\/wp-json\/wp\/v2\/tags?post=935"}],"curies":[{"name":"wp","href":"https:\/\/api.w.org\/{rel}","templated":true}]}}