{"id":926,"date":"2025-10-30T13:34:58","date_gmt":"2025-10-30T13:34:58","guid":{"rendered":"https:\/\/filiapajeczno.bpsieradz.pl\/?p=926"},"modified":"2025-10-30T13:34:58","modified_gmt":"2025-10-30T13:34:58","slug":"przerwa-na-czytanie-impreza-biblioteczna","status":"publish","type":"post","link":"http:\/\/filiapajeczno.bpsieradz.pl\/index.php\/2025\/10\/30\/przerwa-na-czytanie-impreza-biblioteczna\/","title":{"rendered":"&#8222;Przerwa na czytanie&#8221;-\u00a0 impreza biblioteczna"},"content":{"rendered":"\n<p class=\"wp-block-paragraph\">W dniu 30.10.2025r. w naszej plac\u00f3wce odby\u0142o si\u0119 spotkanie z uczniami SP nr 1 im. Juliana Tuwima w\u00a0 Paj\u0119cznie. Pierwszoklasi\u015bci przybyli do nas, aby wzi\u0105\u0107 udzia\u0142 w imprezie bibliotecznej &#8222;Przerwa na czytanie.&#8221; Wydarzenie odbywa si\u0119 w ramach Mi\u0119dzynarodowego Miesi\u0105ca Bibliotek Szkolnych oraz kampanii spo\u0142ecznej Ca\u0142a Polska Czyta Dzieciom. Najwa\u017cniejszym celem akcji jest promocja czytelnictwa w\u015br\u00f3d dzieci i m\u0142odzie\u017cy, pokazanie uczniom,\u017ce czytanie jest \u015bwietn\u0105 rozrywk\u0105, a tak\u017ce zach\u0119cenie do si\u0119gania po ksi\u0105\u017ck\u0119 w ka\u017cdej wolnej chwili.\u00a0\u00a0 &#8222;Bohaterem&#8221; spotkania by\u0142 teatrzyk kamishibai pt. \u201eKr\u00f3lowa pszcz\u00f3\u0142\u201d J. i W. Grimm. Przenie\u015bli\u015bmy si\u0119 do \u015bwiata pracowitych pszcz\u00f3\u0142ek. To pi\u0119kna opowie\u015b\u0107 o dobroci, pomocy innym o tym , \u017ce ka\u017cdy z nas ma w sobie co\u015b wyj\u0105tkowego. By\u0142y r\u00f3wnie\u017c zabawy inspirowane bohaterami znanych bajek.\u00a0 Niech czytanie\u00a0 towarzyszy nam nie tylko dzi\u015b, ale ka\u017cdego dnia. Dzi\u0119kujemy za wizyt\u0119 by\u0142o bajkowo, kolorowo i weso\u0142o. Mamy nadziej\u0119, \u017ce czytanie stanie si\u0119 codziennym nawykiem nie tylko naszych uczni\u00f3w, bo jak powiedzia\u0142a Wis\u0142awa Szymborska \u201eCzytanie ksi\u0105\u017cek to najpi\u0119kniejsza zabawa, jak\u0105 sobie ludzko\u015b\u0107 wymy\u015bli\u0142a\u201d.<\/p>\n\n\n\nngg_shortcode_0_placeholder\n","protected":false},"excerpt":{"rendered":"<p>W dniu 30.10.2025r. w naszej plac\u00f3wce odby\u0142o si\u0119 spotkanie z uczniami SP nr 1 im. Juliana Tuwima w\u00a0 Paj\u0119cznie. Pierwszoklasi\u015bci przybyli do nas, aby wzi\u0105\u0107 udzia\u0142 w imprezie bibliotecznej &#8222;Przerwa &#8230;<\/p>\n","protected":false},"author":1,"featured_media":932,"comment_status":"closed","ping_status":"open","sticky":false,"template":"","format":"standard","meta":{"_monsterinsights_skip_tracking":false,"ngg_post_thumbnail":0,"footnotes":""},"categories":[3],"tags":[],"class_list":["post-926","post","type-post","status-publish","format-standard","has-post-thumbnail","hentry","category-aktualnosci"],"aioseo_notices":[],"rttpg_featured_image_url":{"full":["http:\/\/filiapajeczno.bpsieradz.pl\/wp-content\/uploads\/2025\/10\/Przerwa-na-czytanie-4.jpg",300,168,false],"landscape":["http:\/\/filiapajeczno.bpsieradz.pl\/wp-content\/uploads\/2025\/10\/Przerwa-na-czytanie-4.jpg",300,168,false],"portraits":["http:\/\/filiapajeczno.bpsieradz.pl\/wp-content\/uploads\/2025\/10\/Przerwa-na-czytanie-4.jpg",300,168,false],"thumbnail":["http:\/\/filiapajeczno.bpsieradz.pl\/wp-content\/uploads\/2025\/10\/Przerwa-na-czytanie-4-150x150.jpg",150,150,true],"medium":["http:\/\/filiapajeczno.bpsieradz.pl\/wp-content\/uploads\/2025\/10\/Przerwa-na-czytanie-4.jpg",300,168,false],"large":["http:\/\/filiapajeczno.bpsieradz.pl\/wp-content\/uploads\/2025\/10\/Przerwa-na-czytanie-4.jpg",300,168,false],"1536x1536":["http:\/\/filiapajeczno.bpsieradz.pl\/wp-content\/uploads\/2025\/10\/Przerwa-na-czytanie-4.jpg",300,168,false],"2048x2048":["http:\/\/filiapajeczno.bpsieradz.pl\/wp-content\/uploads\/2025\/10\/Przerwa-na-czytanie-4.jpg",300,168,false],"onepress-blog-small":["http:\/\/filiapajeczno.bpsieradz.pl\/wp-content\/uploads\/2025\/10\/Przerwa-na-czytanie-4-300x150.jpg",300,150,true],"onepress-small":["http:\/\/filiapajeczno.bpsieradz.pl\/wp-content\/uploads\/2025\/10\/Przerwa-na-czytanie-4.jpg",300,168,false],"onepress-medium":["http:\/\/filiapajeczno.bpsieradz.pl\/wp-content\/uploads\/2025\/10\/Przerwa-na-czytanie-4.jpg",300,168,false]},"rttpg_author":{"display_name":"admin","author_link":"http:\/\/filiapajeczno.bpsieradz.pl\/index.php\/author\/admin\/"},"rttpg_comment":0,"rttpg_category":"<a href=\"http:\/\/filiapajeczno.bpsieradz.pl\/index.php\/category\/aktualnosci\/\" rel=\"category tag\">Aktualno\u015bci<\/a>","rttpg_excerpt":"W dniu 30.10.2025r. w naszej plac\u00f3wce odby\u0142o si\u0119 spotkanie z uczniami SP nr 1 im. Juliana Tuwima w\u00a0 Paj\u0119cznie. Pierwszoklasi\u015bci przybyli do nas, aby wzi\u0105\u0107 udzia\u0142 w imprezie bibliotecznej &#8222;Przerwa ...","_links":{"self":[{"href":"http:\/\/filiapajeczno.bpsieradz.pl\/index.php\/wp-json\/wp\/v2\/posts\/926","targetHints":{"allow":["GET"]}}],"collection":[{"href":"http:\/\/filiapajeczno.bpsieradz.pl\/index.php\/wp-json\/wp\/v2\/posts"}],"about":[{"href":"http:\/\/filiapajeczno.bpsieradz.pl\/index.php\/wp-json\/wp\/v2\/types\/post"}],"author":[{"embeddable":true,"href":"http:\/\/filiapajeczno.bpsieradz.pl\/index.php\/wp-json\/wp\/v2\/users\/1"}],"replies":[{"embeddable":true,"href":"http:\/\/filiapajeczno.bpsieradz.pl\/index.php\/wp-json\/wp\/v2\/comments?post=926"}],"version-history":[{"count":1,"href":"http:\/\/filiapajeczno.bpsieradz.pl\/index.php\/wp-json\/wp\/v2\/posts\/926\/revisions"}],"predecessor-version":[{"id":933,"href":"http:\/\/filiapajeczno.bpsieradz.pl\/index.php\/wp-json\/wp\/v2\/posts\/926\/revisions\/933"}],"wp:featuredmedia":[{"embeddable":true,"href":"http:\/\/filiapajeczno.bpsieradz.pl\/index.php\/wp-json\/wp\/v2\/media\/932"}],"wp:attachment":[{"href":"http:\/\/filiapajeczno.bpsieradz.pl\/index.php\/wp-json\/wp\/v2\/media?parent=926"}],"wp:term":[{"taxonomy":"category","embeddable":true,"href":"http:\/\/filiapajeczno.bpsieradz.pl\/index.php\/wp-json\/wp\/v2\/categories?post=926"},{"taxonomy":"post_tag","embeddable":true,"href":"http:\/\/filiapajeczno.bpsieradz.pl\/index.php\/wp-json\/wp\/v2\/tags?post=926"}],"curies":[{"name":"wp","href":"https:\/\/api.w.org\/{rel}","templated":true}]}}