{"id":911,"date":"2025-10-30T13:31:44","date_gmt":"2025-10-30T13:31:44","guid":{"rendered":"https:\/\/filiapajeczno.bpsieradz.pl\/?p=911"},"modified":"2025-10-30T13:31:45","modified_gmt":"2025-10-30T13:31:45","slug":"xvii-ogolnopolski-tydzien-kariery-sila-relacji-w-erze-samotnosci","status":"publish","type":"post","link":"http:\/\/filiapajeczno.bpsieradz.pl\/index.php\/2025\/10\/30\/xvii-ogolnopolski-tydzien-kariery-sila-relacji-w-erze-samotnosci\/","title":{"rendered":"XVII OG\u00d3LNOPOLSKI TYDZIE\u0143 KARIERY \u2013 \u201eSi\u0142a relacji w erze samotno\u015bci\u201d"},"content":{"rendered":"\n<p class=\"wp-block-paragraph\">W dniach 20-26 pa\u017adziernika obchodzili\u015bmy Og\u00f3lnopolski Tydzie\u0144 Kariery, w tym roku przebiega\u0142 on pod has\u0142em: \u201eSi\u0142a relacji w erze samotno\u015bci\u201d. Z tej okazji odwiedzili nas uczniowie klas VII i VIII ze SP im. Jana Brzechwy w Makowiskach, SP im ks. Jana Twardowskiego w Tr\u0119baczewie, SP nr 2 im. Polskich Noblist\u00f3w w Paj\u0119cznie, SP nr 1 im. Juliana Tuwima w Paj\u0119cznie.<\/p>\n\n\n\n<p class=\"wp-block-paragraph\">Tegoroczne has\u0142o OTK stawia na relacje mi\u0119dzyludzkie i umiej\u0119tno\u015b\u0107 pracy w zespole co te\u017c mia\u0142o miejsce na zaj\u0119ciach. Uczniowie zastanawiali si\u0119 nad swoimi mocnymi stronami i&nbsp;zainteresowaniami, jak wykorzystuj\u0105 sw\u00f3j czas wolny, a co im ten czas zabiera. Przypowie\u015b\u0107 o \u201eDzbanie i kamieniach\u201d pokaza\u0142a uczniom w jaki spos\u00f3b zarz\u0105dza\u0107 swoim czasem i ustala\u0107 swoje priorytety w \u017cyciu. Nast\u0119pnie obejrzeli prezentacj\u0119 o zawodach &#8211; jakie czynniki wp\u0142ywaj\u0105 na wyb\u00f3r zawodu,&nbsp; kt\u00f3re zawody wg przeprowadzanych ranking\u00f3w ciesz\u0105 si\u0119 najwi\u0119kszym poparciem spo\u0142ecznym, jakie nale\u017cy posiada\u0107 umiej\u0119tno\u015bci i jak je rozwija\u0107, aby w przysz\u0142o\u015bci dokona\u0107 w\u0142a\u015bciwego wyboru. W podsumowaniu spotkania podkre\u015blono jak wa\u017cne s\u0105 relacje i ludzie bo to stanowi nasz najwi\u0119kszy kapita\u0142.<\/p>\n\n\n\n<p class=\"wp-block-paragraph\">W naszej bibliotece odby\u0142y si\u0119 r\u00f3wnie\u017c wyj\u0105tkowe zaj\u0119cia dla uczni\u00f3w klas VII i VIII SP im. Jana Paw\u0142a II w Rz\u0105\u015bni, przygotowane przez Pani\u0105 Maj\u0119 G\u00f3rsk\u0105 doradc\u0119 zawodowego oraz psychologa Powiatowej Poradni Psychologiczno-Pedagogicznej w Paj\u0119cznie. Podczas spotkania m\u0142odzie\u017c mia\u0142a okazj\u0119 porozmawia\u0107 o tym, czym jest kariera oraz jakie zasady obowi\u0105zuj\u0105 w miejscach pracy, by wszystkim dobrze si\u0119 wsp\u00f3\u0142pracowa\u0142o. Odegrali scenki pokazuj\u0105ce, czego unika\u0107 w relacjach zawodowych oraz zastanowili si\u0119 jakie zachowania pomagaj\u0105 tworzy\u0107 przyjazn\u0105 i wspieraj\u0105c\u0105 atmosfer\u0119 w\u015br\u00f3d wsp\u00f3\u0142pracownik\u00f3w.<\/p>\n\n\n\n<p class=\"wp-block-paragraph\">Dzi\u0119kujemy wszystkim uczniom i nauczycielom za tak liczne przybycie na zaj\u0119cia organizowane w ramach OTK.<\/p>\n\n\n\nngg_shortcode_0_placeholder\n","protected":false},"excerpt":{"rendered":"<p>W dniach 20-26 pa\u017adziernika obchodzili\u015bmy Og\u00f3lnopolski Tydzie\u0144 Kariery, w tym roku przebiega\u0142 on pod has\u0142em: \u201eSi\u0142a relacji w erze samotno\u015bci\u201d. Z tej okazji odwiedzili nas uczniowie klas VII i VIII &#8230;<\/p>\n","protected":false},"author":1,"featured_media":924,"comment_status":"closed","ping_status":"open","sticky":false,"template":"","format":"standard","meta":{"_monsterinsights_skip_tracking":false,"ngg_post_thumbnail":0,"footnotes":""},"categories":[3],"tags":[],"class_list":["post-911","post","type-post","status-publish","format-standard","has-post-thumbnail","hentry","category-aktualnosci"],"aioseo_notices":[],"rttpg_featured_image_url":{"full":["http:\/\/filiapajeczno.bpsieradz.pl\/wp-content\/uploads\/2025\/10\/OTK-11.jpg",1567,1300,false],"landscape":["http:\/\/filiapajeczno.bpsieradz.pl\/wp-content\/uploads\/2025\/10\/OTK-11.jpg",1567,1300,false],"portraits":["http:\/\/filiapajeczno.bpsieradz.pl\/wp-content\/uploads\/2025\/10\/OTK-11.jpg",1567,1300,false],"thumbnail":["http:\/\/filiapajeczno.bpsieradz.pl\/wp-content\/uploads\/2025\/10\/OTK-11-150x150.jpg",150,150,true],"medium":["http:\/\/filiapajeczno.bpsieradz.pl\/wp-content\/uploads\/2025\/10\/OTK-11-300x249.jpg",300,249,true],"large":["http:\/\/filiapajeczno.bpsieradz.pl\/wp-content\/uploads\/2025\/10\/OTK-11-1024x850.jpg",800,664,true],"1536x1536":["http:\/\/filiapajeczno.bpsieradz.pl\/wp-content\/uploads\/2025\/10\/OTK-11-1536x1274.jpg",1536,1274,true],"2048x2048":["http:\/\/filiapajeczno.bpsieradz.pl\/wp-content\/uploads\/2025\/10\/OTK-11.jpg",1567,1300,false],"onepress-blog-small":["http:\/\/filiapajeczno.bpsieradz.pl\/wp-content\/uploads\/2025\/10\/OTK-11-300x150.jpg",300,150,true],"onepress-small":["http:\/\/filiapajeczno.bpsieradz.pl\/wp-content\/uploads\/2025\/10\/OTK-11-480x300.jpg",480,300,true],"onepress-medium":["http:\/\/filiapajeczno.bpsieradz.pl\/wp-content\/uploads\/2025\/10\/OTK-11-640x400.jpg",640,400,true]},"rttpg_author":{"display_name":"admin","author_link":"http:\/\/filiapajeczno.bpsieradz.pl\/index.php\/author\/admin\/"},"rttpg_comment":0,"rttpg_category":"<a href=\"http:\/\/filiapajeczno.bpsieradz.pl\/index.php\/category\/aktualnosci\/\" rel=\"category tag\">Aktualno\u015bci<\/a>","rttpg_excerpt":"W dniach 20-26 pa\u017adziernika obchodzili\u015bmy Og\u00f3lnopolski Tydzie\u0144 Kariery, w tym roku przebiega\u0142 on pod has\u0142em: \u201eSi\u0142a relacji w erze samotno\u015bci\u201d. Z tej okazji odwiedzili nas uczniowie klas VII i VIII ...","_links":{"self":[{"href":"http:\/\/filiapajeczno.bpsieradz.pl\/index.php\/wp-json\/wp\/v2\/posts\/911","targetHints":{"allow":["GET"]}}],"collection":[{"href":"http:\/\/filiapajeczno.bpsieradz.pl\/index.php\/wp-json\/wp\/v2\/posts"}],"about":[{"href":"http:\/\/filiapajeczno.bpsieradz.pl\/index.php\/wp-json\/wp\/v2\/types\/post"}],"author":[{"embeddable":true,"href":"http:\/\/filiapajeczno.bpsieradz.pl\/index.php\/wp-json\/wp\/v2\/users\/1"}],"replies":[{"embeddable":true,"href":"http:\/\/filiapajeczno.bpsieradz.pl\/index.php\/wp-json\/wp\/v2\/comments?post=911"}],"version-history":[{"count":1,"href":"http:\/\/filiapajeczno.bpsieradz.pl\/index.php\/wp-json\/wp\/v2\/posts\/911\/revisions"}],"predecessor-version":[{"id":925,"href":"http:\/\/filiapajeczno.bpsieradz.pl\/index.php\/wp-json\/wp\/v2\/posts\/911\/revisions\/925"}],"wp:featuredmedia":[{"embeddable":true,"href":"http:\/\/filiapajeczno.bpsieradz.pl\/index.php\/wp-json\/wp\/v2\/media\/924"}],"wp:attachment":[{"href":"http:\/\/filiapajeczno.bpsieradz.pl\/index.php\/wp-json\/wp\/v2\/media?parent=911"}],"wp:term":[{"taxonomy":"category","embeddable":true,"href":"http:\/\/filiapajeczno.bpsieradz.pl\/index.php\/wp-json\/wp\/v2\/categories?post=911"},{"taxonomy":"post_tag","embeddable":true,"href":"http:\/\/filiapajeczno.bpsieradz.pl\/index.php\/wp-json\/wp\/v2\/tags?post=911"}],"curies":[{"name":"wp","href":"https:\/\/api.w.org\/{rel}","templated":true}]}}