{"id":898,"date":"2025-10-21T08:58:14","date_gmt":"2025-10-21T08:58:14","guid":{"rendered":"https:\/\/filiapajeczno.bpsieradz.pl\/?p=898"},"modified":"2025-10-21T08:58:16","modified_gmt":"2025-10-21T08:58:16","slug":"noc-bibliotek-2025","status":"publish","type":"post","link":"http:\/\/filiapajeczno.bpsieradz.pl\/index.php\/2025\/10\/21\/noc-bibliotek-2025\/","title":{"rendered":"Noc Bibliotek 2025"},"content":{"rendered":"\n<p class=\"wp-block-paragraph\">17 pa\u017adziernika 2025r. po raz kolejny w\u0142\u0105czyli\u015bmy si\u0119 w og\u00f3lnopolsk\u0105 akcj\u0119 NOC BIBLIOTEK, kt\u00f3rej celem jest popularyzacja czytelnictwa, ksi\u0105\u017cek i bibliotek. Has\u0142em tegorocznej edycji by\u0142o \u2013 \u201eDo dzie\u0142a\u201d<\/p>\n\n\n\n<p class=\"wp-block-paragraph\">Pierwszymi go\u015b\u0107mi byli pierwszoklasi\u015bci z SP nr 1 im. Juliana Tuwima w Paj\u0119cznie. Uczniowie wys\u0142uchali bajki przedstawionej w postaci teatrzyku kamishibai pod tytu\u0142em \u201e O wilku i siedmiu ko\u017al\u0105tkach\u201d J. i W. Grimm. To znana i lubiana bajka, kt\u00f3ra uczy dzieci, \u017ce doros\u0142ych nale\u017cy s\u0142ucha\u0107, nie nale\u017cy ufa\u0107 ka\u017cdemu, przebieg\u0142o\u015b\u0107 i z\u0142o cz\u0119sto przybiera mask\u0119 dobra, dlatego trzeba by\u0107 czujnym i s\u0142ucha\u0107 tych, kt\u00f3rzy chc\u0105 naszego dobra. Nast\u0119pnie uczniowie spr\u00f3bowali swoich si\u0142 w sztuce kreatywnego sk\u0142adania papieru, kt\u00f3ra nie nale\u017cy do naj\u0142atwiejszych zaj\u0119\u0107. Uczniowie wykazali si\u0119 cierpliwo\u015bci\u0105 i precyzj\u0105 tworz\u0105c pi\u0119kne zak\u0142adki do ksi\u0105\u017cek. Ciekawostk\u0105 jest, \u017ce w Japonii dzieci od najm\u0142odszych lat, ju\u017c w przedszkolu zaczynaj\u0105 sk\u0142ada\u0107 origami.<br>Naszymi kolejnymi go\u015b\u0107mi byli uczniowie z klasy VI, kt\u00f3rych Pani Sonia Jura zabra\u0142a w fascynuj\u0105c\u0105 podr\u00f3\u017c po Kraju Kwitn\u0105cej Wi\u015bni. Uczniowie \u201eodwiedzili\u201d wirtualnie Tokio \u2013 gigantyczn\u0105 metropoli\u0119, w kt\u00f3rej mieszka niemal tylu ludzi, co w ca\u0142ej Polsce. Pani Sonia zaprezentowa\u0142a swoje prywatne zdj\u0119cia z panoram\u0105 miasta, pe\u0142nego neon\u00f3w, drapaczy chmur i t\u0119tni\u0105cych \u017cyciem ulic. Nie zabrak\u0142o ciekawostek z codziennego \u017cycia, filmik\u00f3w z r\u00f3\u017cnych festiwali, przyg\u00f3d i nietypowych sytuacji, w kt\u00f3rych znalaz\u0142 si\u0119 nasz go\u015b\u0107. Odwa\u017cni mieli okazj\u0119 przymierzy\u0107 tradycyjne kimono.<br>Japonia to kraj, kt\u00f3ry fascynuje i podczas wyprawy do tego niezwyk\u0142ego kraju mo\u017cna si\u0119 spodziewa\u0107 niespodziewanego o czym opowiada\u0142a i do\u015bwiadczy\u0142a na swojej sk\u00f3rze Pani Sonia.<br>Spotkanie z naszym go\u015bciem by\u0142o nie tylko fascynuj\u0105c\u0105 lekcj\u0105 geografii i historii, lecz tak\u017ce inspiracj\u0105 do poznawania \u015bwiata oraz odkrywania tego niezwyk\u0142ego kraju.<\/p>\n\n\n\nngg_shortcode_0_placeholder\n\n\n\n<p class=\"wp-block-paragraph\"><\/p>\n","protected":false},"excerpt":{"rendered":"<p>17 pa\u017adziernika 2025r. po raz kolejny w\u0142\u0105czyli\u015bmy si\u0119 w og\u00f3lnopolsk\u0105 akcj\u0119 NOC BIBLIOTEK, kt\u00f3rej celem jest popularyzacja czytelnictwa, ksi\u0105\u017cek i bibliotek. Has\u0142em tegorocznej edycji by\u0142o \u2013 \u201eDo dzie\u0142a\u201d Pierwszymi go\u015b\u0107mi &#8230;<\/p>\n","protected":false},"author":1,"featured_media":908,"comment_status":"closed","ping_status":"open","sticky":false,"template":"","format":"standard","meta":{"_monsterinsights_skip_tracking":false,"ngg_post_thumbnail":0,"footnotes":""},"categories":[3],"tags":[],"class_list":["post-898","post","type-post","status-publish","format-standard","has-post-thumbnail","hentry","category-aktualnosci"],"aioseo_notices":[],"rttpg_featured_image_url":{"full":["http:\/\/filiapajeczno.bpsieradz.pl\/wp-content\/uploads\/2025\/10\/7oZDqbiM.jpg",2048,1536,false],"landscape":["http:\/\/filiapajeczno.bpsieradz.pl\/wp-content\/uploads\/2025\/10\/7oZDqbiM.jpg",2048,1536,false],"portraits":["http:\/\/filiapajeczno.bpsieradz.pl\/wp-content\/uploads\/2025\/10\/7oZDqbiM.jpg",2048,1536,false],"thumbnail":["http:\/\/filiapajeczno.bpsieradz.pl\/wp-content\/uploads\/2025\/10\/7oZDqbiM-150x150.jpg",150,150,true],"medium":["http:\/\/filiapajeczno.bpsieradz.pl\/wp-content\/uploads\/2025\/10\/7oZDqbiM-300x225.jpg",300,225,true],"large":["http:\/\/filiapajeczno.bpsieradz.pl\/wp-content\/uploads\/2025\/10\/7oZDqbiM-1024x768.jpg",800,600,true],"1536x1536":["http:\/\/filiapajeczno.bpsieradz.pl\/wp-content\/uploads\/2025\/10\/7oZDqbiM-1536x1152.jpg",1536,1152,true],"2048x2048":["http:\/\/filiapajeczno.bpsieradz.pl\/wp-content\/uploads\/2025\/10\/7oZDqbiM.jpg",2048,1536,false],"onepress-blog-small":["http:\/\/filiapajeczno.bpsieradz.pl\/wp-content\/uploads\/2025\/10\/7oZDqbiM-300x150.jpg",300,150,true],"onepress-small":["http:\/\/filiapajeczno.bpsieradz.pl\/wp-content\/uploads\/2025\/10\/7oZDqbiM-480x300.jpg",480,300,true],"onepress-medium":["http:\/\/filiapajeczno.bpsieradz.pl\/wp-content\/uploads\/2025\/10\/7oZDqbiM-640x400.jpg",640,400,true]},"rttpg_author":{"display_name":"admin","author_link":"http:\/\/filiapajeczno.bpsieradz.pl\/index.php\/author\/admin\/"},"rttpg_comment":0,"rttpg_category":"<a href=\"http:\/\/filiapajeczno.bpsieradz.pl\/index.php\/category\/aktualnosci\/\" rel=\"category tag\">Aktualno\u015bci<\/a>","rttpg_excerpt":"17 pa\u017adziernika 2025r. po raz kolejny w\u0142\u0105czyli\u015bmy si\u0119 w og\u00f3lnopolsk\u0105 akcj\u0119 NOC BIBLIOTEK, kt\u00f3rej celem jest popularyzacja czytelnictwa, ksi\u0105\u017cek i bibliotek. Has\u0142em tegorocznej edycji by\u0142o \u2013 \u201eDo dzie\u0142a\u201d Pierwszymi go\u015b\u0107mi ...","_links":{"self":[{"href":"http:\/\/filiapajeczno.bpsieradz.pl\/index.php\/wp-json\/wp\/v2\/posts\/898","targetHints":{"allow":["GET"]}}],"collection":[{"href":"http:\/\/filiapajeczno.bpsieradz.pl\/index.php\/wp-json\/wp\/v2\/posts"}],"about":[{"href":"http:\/\/filiapajeczno.bpsieradz.pl\/index.php\/wp-json\/wp\/v2\/types\/post"}],"author":[{"embeddable":true,"href":"http:\/\/filiapajeczno.bpsieradz.pl\/index.php\/wp-json\/wp\/v2\/users\/1"}],"replies":[{"embeddable":true,"href":"http:\/\/filiapajeczno.bpsieradz.pl\/index.php\/wp-json\/wp\/v2\/comments?post=898"}],"version-history":[{"count":1,"href":"http:\/\/filiapajeczno.bpsieradz.pl\/index.php\/wp-json\/wp\/v2\/posts\/898\/revisions"}],"predecessor-version":[{"id":909,"href":"http:\/\/filiapajeczno.bpsieradz.pl\/index.php\/wp-json\/wp\/v2\/posts\/898\/revisions\/909"}],"wp:featuredmedia":[{"embeddable":true,"href":"http:\/\/filiapajeczno.bpsieradz.pl\/index.php\/wp-json\/wp\/v2\/media\/908"}],"wp:attachment":[{"href":"http:\/\/filiapajeczno.bpsieradz.pl\/index.php\/wp-json\/wp\/v2\/media?parent=898"}],"wp:term":[{"taxonomy":"category","embeddable":true,"href":"http:\/\/filiapajeczno.bpsieradz.pl\/index.php\/wp-json\/wp\/v2\/categories?post=898"},{"taxonomy":"post_tag","embeddable":true,"href":"http:\/\/filiapajeczno.bpsieradz.pl\/index.php\/wp-json\/wp\/v2\/tags?post=898"}],"curies":[{"name":"wp","href":"https:\/\/api.w.org\/{rel}","templated":true}]}}