{"id":876,"date":"2025-10-07T06:27:34","date_gmt":"2025-10-07T06:27:34","guid":{"rendered":"https:\/\/filiapajeczno.bpsieradz.pl\/?p=876"},"modified":"2025-10-07T06:27:36","modified_gmt":"2025-10-07T06:27:36","slug":"ogolnopolski-dzien-glosnego-czytania","status":"publish","type":"post","link":"http:\/\/filiapajeczno.bpsieradz.pl\/index.php\/2025\/10\/07\/ogolnopolski-dzien-glosnego-czytania\/","title":{"rendered":"Og\u00f3lnopolski Dzie\u0144 G\u0142o\u015bnego Czytania"},"content":{"rendered":"\n<p class=\"wp-block-paragraph\">29 wrze\u015bnia obchodzili\u015bmy Og\u00f3lnopolski Dzie\u0144 G\u0142o\u015bnego Czytania \u2013 \u015bwi\u0119to, kt\u00f3rego celem jest promowanie czytelnictwa w\u015br\u00f3d dzieci i m\u0142odzie\u017cy oraz przypominanie o ogromnej warto\u015bci wsp\u00f3lnego czytania.<\/p>\n\n\n\n<p class=\"wp-block-paragraph\">Z tej okazji CREW\u0141 w Sieradzu Biblioteka Pedagogiczna w Sieradzu Filia w Paj\u0119cznie wsp\u00f3lnie z bibliotek\u0105 szkoln\u0105 oraz uczniami Szko\u0142y Podstawowej nr 2 im. Polskich Noblist\u00f3w w Paj\u0119cznie przeprowadzi\u0142a akcj\u0119 g\u0142o\u015bnego czytania dzieciom w Publicznym Przedszkolu nr 1 w Paj\u0119cznie. Przedszkolaki ze wszystkich grup wys\u0142ucha\u0142y pi\u0119knych opowiada\u0144 ze serii \u201ePrzygody Fenka\u201d autorstwa Magdaleny Grucy z pi\u0119knymi ilustracjami Ewy Zontek. Do udzia\u0142u w akcji zaprosili\u015bmy tak\u017ce uczni\u00f3w klasy VI A ze Szko\u0142y Podstawowej nr 1 im. Juliana Tuwima w Paj\u0119cznie. Sz\u00f3stoklasi\u015bci w murach naszej biblioteki wys\u0142uchali fragmentu ksi\u0105\u017cki \u201eKolorowy szalik\u201d Barbary Kosmowskiej oraz sami przeczytali wybrane teksty.<\/p>\n\n\n\n<p class=\"wp-block-paragraph\">Natomiast 1 pa\u017adziernika odwiedzili\u015bmy Szko\u0142\u0119 Podstawow\u0105 w Wiewcu, by wsp\u00f3lnie z&nbsp;uczniami oraz dzie\u0107mi z Oddzia\u0142u Przedszkolnego celebrowa\u0107 Og\u00f3lnopolski Dzie\u0144 G\u0142o\u015bnego Czytania. Dla najm\u0142odszych wybrzmia\u0142a pi\u0119kna bajka \u201eKr\u00f3lowa Pszcz\u00f3\u0142\u201d, zaprezentowana w&nbsp;formie teatrzyku kamishibai. Uczniowie klas 4-6 wys\u0142uchali fragmentu \u201eKolorowego szalika\u201d Barbary Kosmowskiej. Za\u015b najstarsi uczniowie, z klas 7-8, spotkali si\u0119 z bohaterami powie\u015bci \u201eTen obcy\u201d Ireny Jurgielewiczowej, poznaj\u0105c fragment tej niezwyk\u0142ej lektury m\u0142odzie\u017cowej. Co wi\u0119cej, starsi uczniowie zostali zaproszeni do wsp\u00f3lnego g\u0142o\u015bnego czytania, dzi\u0119ki czemu mogli spr\u00f3bowa\u0107 swoich si\u0142 jako lektorzy.<\/p>\n\n\n\n<p class=\"wp-block-paragraph\">Niech to \u015bwi\u0119to przypomina nam, jak wielk\u0105 si\u0142\u0119 ma czytane s\u0142owo i jak wiele rado\u015bci daje wsp\u00f3lne odkrywanie literatury.<\/p>\n\n\n\nngg_shortcode_0_placeholder\n","protected":false},"excerpt":{"rendered":"<p>29 wrze\u015bnia obchodzili\u015bmy Og\u00f3lnopolski Dzie\u0144 G\u0142o\u015bnego Czytania \u2013 \u015bwi\u0119to, kt\u00f3rego celem jest promowanie czytelnictwa w\u015br\u00f3d dzieci i m\u0142odzie\u017cy oraz przypominanie o ogromnej warto\u015bci wsp\u00f3lnego czytania. Z tej okazji CREW\u0141 w &#8230;<\/p>\n","protected":false},"author":1,"featured_media":882,"comment_status":"closed","ping_status":"open","sticky":false,"template":"","format":"standard","meta":{"_monsterinsights_skip_tracking":false,"ngg_post_thumbnail":0,"footnotes":""},"categories":[3],"tags":[],"class_list":["post-876","post","type-post","status-publish","format-standard","has-post-thumbnail","hentry","category-aktualnosci"],"aioseo_notices":[],"rttpg_featured_image_url":{"full":["http:\/\/filiapajeczno.bpsieradz.pl\/wp-content\/uploads\/2025\/10\/FCyYxuIF.jpg",2560,2560,false],"landscape":["http:\/\/filiapajeczno.bpsieradz.pl\/wp-content\/uploads\/2025\/10\/FCyYxuIF.jpg",2560,2560,false],"portraits":["http:\/\/filiapajeczno.bpsieradz.pl\/wp-content\/uploads\/2025\/10\/FCyYxuIF.jpg",2560,2560,false],"thumbnail":["http:\/\/filiapajeczno.bpsieradz.pl\/wp-content\/uploads\/2025\/10\/FCyYxuIF-150x150.jpg",150,150,true],"medium":["http:\/\/filiapajeczno.bpsieradz.pl\/wp-content\/uploads\/2025\/10\/FCyYxuIF-300x300.jpg",300,300,true],"large":["http:\/\/filiapajeczno.bpsieradz.pl\/wp-content\/uploads\/2025\/10\/FCyYxuIF-1024x1024.jpg",800,800,true],"1536x1536":["http:\/\/filiapajeczno.bpsieradz.pl\/wp-content\/uploads\/2025\/10\/FCyYxuIF-1536x1536.jpg",1536,1536,true],"2048x2048":["http:\/\/filiapajeczno.bpsieradz.pl\/wp-content\/uploads\/2025\/10\/FCyYxuIF-2048x2048.jpg",2048,2048,true],"onepress-blog-small":["http:\/\/filiapajeczno.bpsieradz.pl\/wp-content\/uploads\/2025\/10\/FCyYxuIF-300x150.jpg",300,150,true],"onepress-small":["http:\/\/filiapajeczno.bpsieradz.pl\/wp-content\/uploads\/2025\/10\/FCyYxuIF-480x300.jpg",480,300,true],"onepress-medium":["http:\/\/filiapajeczno.bpsieradz.pl\/wp-content\/uploads\/2025\/10\/FCyYxuIF-640x400.jpg",640,400,true]},"rttpg_author":{"display_name":"admin","author_link":"http:\/\/filiapajeczno.bpsieradz.pl\/index.php\/author\/admin\/"},"rttpg_comment":0,"rttpg_category":"<a href=\"http:\/\/filiapajeczno.bpsieradz.pl\/index.php\/category\/aktualnosci\/\" rel=\"category tag\">Aktualno\u015bci<\/a>","rttpg_excerpt":"29 wrze\u015bnia obchodzili\u015bmy Og\u00f3lnopolski Dzie\u0144 G\u0142o\u015bnego Czytania \u2013 \u015bwi\u0119to, kt\u00f3rego celem jest promowanie czytelnictwa w\u015br\u00f3d dzieci i m\u0142odzie\u017cy oraz przypominanie o ogromnej warto\u015bci wsp\u00f3lnego czytania. Z tej okazji CREW\u0141 w ...","_links":{"self":[{"href":"http:\/\/filiapajeczno.bpsieradz.pl\/index.php\/wp-json\/wp\/v2\/posts\/876","targetHints":{"allow":["GET"]}}],"collection":[{"href":"http:\/\/filiapajeczno.bpsieradz.pl\/index.php\/wp-json\/wp\/v2\/posts"}],"about":[{"href":"http:\/\/filiapajeczno.bpsieradz.pl\/index.php\/wp-json\/wp\/v2\/types\/post"}],"author":[{"embeddable":true,"href":"http:\/\/filiapajeczno.bpsieradz.pl\/index.php\/wp-json\/wp\/v2\/users\/1"}],"replies":[{"embeddable":true,"href":"http:\/\/filiapajeczno.bpsieradz.pl\/index.php\/wp-json\/wp\/v2\/comments?post=876"}],"version-history":[{"count":1,"href":"http:\/\/filiapajeczno.bpsieradz.pl\/index.php\/wp-json\/wp\/v2\/posts\/876\/revisions"}],"predecessor-version":[{"id":883,"href":"http:\/\/filiapajeczno.bpsieradz.pl\/index.php\/wp-json\/wp\/v2\/posts\/876\/revisions\/883"}],"wp:featuredmedia":[{"embeddable":true,"href":"http:\/\/filiapajeczno.bpsieradz.pl\/index.php\/wp-json\/wp\/v2\/media\/882"}],"wp:attachment":[{"href":"http:\/\/filiapajeczno.bpsieradz.pl\/index.php\/wp-json\/wp\/v2\/media?parent=876"}],"wp:term":[{"taxonomy":"category","embeddable":true,"href":"http:\/\/filiapajeczno.bpsieradz.pl\/index.php\/wp-json\/wp\/v2\/categories?post=876"},{"taxonomy":"post_tag","embeddable":true,"href":"http:\/\/filiapajeczno.bpsieradz.pl\/index.php\/wp-json\/wp\/v2\/tags?post=876"}],"curies":[{"name":"wp","href":"https:\/\/api.w.org\/{rel}","templated":true}]}}