{"id":869,"date":"2025-09-08T11:57:10","date_gmt":"2025-09-08T11:57:10","guid":{"rendered":"https:\/\/filiapajeczno.bpsieradz.pl\/?p=869"},"modified":"2025-09-08T11:57:11","modified_gmt":"2025-09-08T11:57:11","slug":"narodowe-czytanie-2025-poezje-jan-kochanowski","status":"publish","type":"post","link":"http:\/\/filiapajeczno.bpsieradz.pl\/index.php\/2025\/09\/08\/narodowe-czytanie-2025-poezje-jan-kochanowski\/","title":{"rendered":"Narodowe Czytanie 2025 \u2013 \u201e Poezje\u201d Jan Kochanowski"},"content":{"rendered":"\n<p class=\"wp-block-paragraph\">Po raz kolejny CREW\u0141 w Sieradzu Biblioteka Pedagogiczna w Sieradzu Filia w Paj\u0119cznie uczestniczy\u0142a w akcji Narodowe Czytanie, kt\u00f3ra zosta\u0142a zorganizowana we wsp\u00f3\u0142pracy z BPGiM-a Paj\u0119czno oraz Zespo\u0142em Szk\u00f3\u0142 w Paj\u0119cznie. Akcja mia\u0142a charakter online. W wyznaczonych terminach odbywa\u0142y si\u0119 nagrania czytanych fragment\u00f3w tegorocznej lektury tj. Poezje, fraszki, treny Jana Kochanowskiego. Filmy z nagraniami zosta\u0142y zamieszczone na stronach lub profilach spo\u0142eczno\u015bciowych FB organizator\u00f3w.<\/p>\n\n\n\n<p class=\"wp-block-paragraph\">W tegorocznej edycji Narodowego Czytania wybrane poezje,pie\u015bni,fraszki czytali\u00a0 przedstawiciele r\u00f3\u017cnych instytucji\u00a0 publicznych, plac\u00f3wek edukacyjnych i kulturalnych -wiceburmistrz Paj\u0119czna, dyrektor MOK w Paj\u0119cznie, radna i przewodnicz\u0105cy Rady Miasta, dyrektor PPP-P w Paj\u0119cznie, cz\u0142onkowie UTW, DKK, Stowarzyszenia Towarzystwo Przyjaci\u00f3\u0142 Paj\u0119czna, Klubu Seniora, zast\u0119pca Dow\u00f3dcy z Komendy Powiatowej Pa\u0144stwowej Stra\u017cy Po\u017carnej w Paj\u0119cznie, nauczycielki z paj\u0119cza\u0144skich przedszkoli, bibliotekarki z BPGiM-a Paj\u0119czno, uczniowie z Zespo\u0142u Szk\u00f3\u0142 im. H. Sienkiewicza w Paj\u0119cznie. Pracownicy CREW\u0141 w Sieradzu Biblioteka Pedagogiczna w Sieradzu Filia w Paj\u0119cznie czytali Pie\u015bni Ksi\u0119gi Wt\u00f3re &#8211; Pie\u015b\u0144 III oraz Pie\u015b\u0144 IX.<\/p>\n\n\n\nngg_shortcode_0_placeholder\n","protected":false},"excerpt":{"rendered":"<p>Po raz kolejny CREW\u0141 w Sieradzu Biblioteka Pedagogiczna w Sieradzu Filia w Paj\u0119cznie uczestniczy\u0142a w akcji Narodowe Czytanie, kt\u00f3ra zosta\u0142a zorganizowana we wsp\u00f3\u0142pracy z BPGiM-a Paj\u0119czno oraz Zespo\u0142em Szk\u00f3\u0142 w &#8230;<\/p>\n","protected":false},"author":1,"featured_media":870,"comment_status":"closed","ping_status":"open","sticky":false,"template":"","format":"standard","meta":{"_monsterinsights_skip_tracking":false,"ngg_post_thumbnail":0,"footnotes":""},"categories":[3],"tags":[],"class_list":["post-869","post","type-post","status-publish","format-standard","has-post-thumbnail","hentry","category-aktualnosci"],"aioseo_notices":[],"rttpg_featured_image_url":{"full":["http:\/\/filiapajeczno.bpsieradz.pl\/wp-content\/uploads\/2025\/09\/narodowe-Czytanie-zdjecie.png",680,383,false],"landscape":["http:\/\/filiapajeczno.bpsieradz.pl\/wp-content\/uploads\/2025\/09\/narodowe-Czytanie-zdjecie.png",680,383,false],"portraits":["http:\/\/filiapajeczno.bpsieradz.pl\/wp-content\/uploads\/2025\/09\/narodowe-Czytanie-zdjecie.png",680,383,false],"thumbnail":["http:\/\/filiapajeczno.bpsieradz.pl\/wp-content\/uploads\/2025\/09\/narodowe-Czytanie-zdjecie-150x150.png",150,150,true],"medium":["http:\/\/filiapajeczno.bpsieradz.pl\/wp-content\/uploads\/2025\/09\/narodowe-Czytanie-zdjecie-300x169.png",300,169,true],"large":["http:\/\/filiapajeczno.bpsieradz.pl\/wp-content\/uploads\/2025\/09\/narodowe-Czytanie-zdjecie.png",680,383,false],"1536x1536":["http:\/\/filiapajeczno.bpsieradz.pl\/wp-content\/uploads\/2025\/09\/narodowe-Czytanie-zdjecie.png",680,383,false],"2048x2048":["http:\/\/filiapajeczno.bpsieradz.pl\/wp-content\/uploads\/2025\/09\/narodowe-Czytanie-zdjecie.png",680,383,false],"onepress-blog-small":["http:\/\/filiapajeczno.bpsieradz.pl\/wp-content\/uploads\/2025\/09\/narodowe-Czytanie-zdjecie-300x150.png",300,150,true],"onepress-small":["http:\/\/filiapajeczno.bpsieradz.pl\/wp-content\/uploads\/2025\/09\/narodowe-Czytanie-zdjecie-480x300.png",480,300,true],"onepress-medium":["http:\/\/filiapajeczno.bpsieradz.pl\/wp-content\/uploads\/2025\/09\/narodowe-Czytanie-zdjecie-640x383.png",640,383,true]},"rttpg_author":{"display_name":"admin","author_link":"http:\/\/filiapajeczno.bpsieradz.pl\/index.php\/author\/admin\/"},"rttpg_comment":0,"rttpg_category":"<a href=\"http:\/\/filiapajeczno.bpsieradz.pl\/index.php\/category\/aktualnosci\/\" rel=\"category tag\">Aktualno\u015bci<\/a>","rttpg_excerpt":"Po raz kolejny CREW\u0141 w Sieradzu Biblioteka Pedagogiczna w Sieradzu Filia w Paj\u0119cznie uczestniczy\u0142a w akcji Narodowe Czytanie, kt\u00f3ra zosta\u0142a zorganizowana we wsp\u00f3\u0142pracy z BPGiM-a Paj\u0119czno oraz Zespo\u0142em Szk\u00f3\u0142 w ...","_links":{"self":[{"href":"http:\/\/filiapajeczno.bpsieradz.pl\/index.php\/wp-json\/wp\/v2\/posts\/869","targetHints":{"allow":["GET"]}}],"collection":[{"href":"http:\/\/filiapajeczno.bpsieradz.pl\/index.php\/wp-json\/wp\/v2\/posts"}],"about":[{"href":"http:\/\/filiapajeczno.bpsieradz.pl\/index.php\/wp-json\/wp\/v2\/types\/post"}],"author":[{"embeddable":true,"href":"http:\/\/filiapajeczno.bpsieradz.pl\/index.php\/wp-json\/wp\/v2\/users\/1"}],"replies":[{"embeddable":true,"href":"http:\/\/filiapajeczno.bpsieradz.pl\/index.php\/wp-json\/wp\/v2\/comments?post=869"}],"version-history":[{"count":1,"href":"http:\/\/filiapajeczno.bpsieradz.pl\/index.php\/wp-json\/wp\/v2\/posts\/869\/revisions"}],"predecessor-version":[{"id":874,"href":"http:\/\/filiapajeczno.bpsieradz.pl\/index.php\/wp-json\/wp\/v2\/posts\/869\/revisions\/874"}],"wp:featuredmedia":[{"embeddable":true,"href":"http:\/\/filiapajeczno.bpsieradz.pl\/index.php\/wp-json\/wp\/v2\/media\/870"}],"wp:attachment":[{"href":"http:\/\/filiapajeczno.bpsieradz.pl\/index.php\/wp-json\/wp\/v2\/media?parent=869"}],"wp:term":[{"taxonomy":"category","embeddable":true,"href":"http:\/\/filiapajeczno.bpsieradz.pl\/index.php\/wp-json\/wp\/v2\/categories?post=869"},{"taxonomy":"post_tag","embeddable":true,"href":"http:\/\/filiapajeczno.bpsieradz.pl\/index.php\/wp-json\/wp\/v2\/tags?post=869"}],"curies":[{"name":"wp","href":"https:\/\/api.w.org\/{rel}","templated":true}]}}