{"id":795,"date":"2025-03-31T09:21:24","date_gmt":"2025-03-31T09:21:24","guid":{"rendered":"http:\/\/filiapajeczno.bpsieradz.pl\/?p=795"},"modified":"2025-03-31T09:21:57","modified_gmt":"2025-03-31T09:21:57","slug":"czas-na-zmiany-czas-na-eko-rusza-realizacja-ekologicznego-projektu-w-pajecznie","status":"publish","type":"post","link":"http:\/\/filiapajeczno.bpsieradz.pl\/index.php\/2025\/03\/31\/czas-na-zmiany-czas-na-eko-rusza-realizacja-ekologicznego-projektu-w-pajecznie\/","title":{"rendered":"Czas na zmiany! Czas na EKO! \u2013 rusza realizacja ekologicznego projektu w Paj\u0119cznie"},"content":{"rendered":"<div class=\"wp-block-image\">\n<figure class=\"aligncenter size-full\"><a href=\"https:\/\/bo.lodzkie.pl\/\"><img fetchpriority=\"high\" decoding=\"async\" width=\"567\" height=\"113\" src=\"http:\/\/filiapajeczno.bpsieradz.pl\/wp-content\/uploads\/2025\/03\/Belki-01.jpg\" alt=\"\" class=\"wp-image-797\" srcset=\"http:\/\/filiapajeczno.bpsieradz.pl\/wp-content\/uploads\/2025\/03\/Belki-01.jpg 567w, http:\/\/filiapajeczno.bpsieradz.pl\/wp-content\/uploads\/2025\/03\/Belki-01-300x60.jpg 300w\" sizes=\"(max-width: 567px) 100vw, 567px\" \/><\/a><\/figure>\n<\/div>\n\n\n<p class=\"wp-block-paragraph\">W ramach kolejnej edycji Bud\u017cetu Obywatelskiego Wojew\u00f3dztwa \u0141\u00f3dzkiego, Biblioteka Pedagogiczna w Sieradzu Filia w Paj\u0119cznie przyst\u0119puje do realizacji zadania pod nazw\u0105 <strong>Czas na zmiany! Czas na EKO!<\/strong>. Projekt ten ma na celu podniesienie \u015bwiadomo\u015bci ekologicznej oraz wzrost wiedzy na temat ochrony \u015brodowiska w\u015br\u00f3d mieszka\u0144c\u00f3w powiatu paj\u0119cza\u0144skiego, ze szczeg\u00f3lnym uwzgl\u0119dnieniem dzieci i m\u0142odzie\u017cy.<\/p>\n\n\n\n<p class=\"wp-block-paragraph\"><strong>Edukacja ekologiczna dla ka\u017cdego<\/strong><\/p>\n\n\n\n<p class=\"wp-block-paragraph\">Jednym z g\u0142\u00f3wnych dzia\u0142a\u0144 w ramach projektu jest wzbogacenie ksi\u0119gozbioru Biblioteki Pedagogicznej w Paj\u0119cznie o nowe ksi\u0105\u017cki i audiobooki zwi\u0105zane z tematyk\u0105 ekologiczn\u0105. W\u015br\u00f3d zakupionych pozycji znajd\u0105 si\u0119 r\u00f3wnie\u017c ksi\u0105\u017cki z du\u017c\u0105 czcionk\u0105, u\u0142atwiaj\u0105ce czytanie osobom ze specjalnymi potrzebami. Dzi\u0119ki temu zar\u00f3wno dzieci, m\u0142odzie\u017c, nauczyciele, jak i mieszka\u0144cy powiatu b\u0119d\u0105 mieli szans\u0119 na poszerzenie swojej wiedzy o ochronie \u015brodowiska.<\/p>\n\n\n\n<p class=\"wp-block-paragraph\"><strong>Warsztaty i zaj\u0119cia dla najm\u0142odszych<\/strong><\/p>\n\n\n\n<p class=\"wp-block-paragraph\">Opr\u00f3cz zakupu ksi\u0105\u017cek i audiobook\u00f3w projekt przewiduje organizacj\u0119 warsztat\u00f3w oraz zaj\u0119\u0107 edukacyjnych skierowanych do przedszkolak\u00f3w i uczni\u00f3w szk\u00f3\u0142 podstawowych. Dzieci b\u0119d\u0105 mia\u0142y okazj\u0119 uczestniczy\u0107 w zaj\u0119ciach promuj\u0105cych proekologiczne postawy oraz rozwijaj\u0105cych ich \u015bwiadomo\u015b\u0107 na temat ochrony przyrody i zasob\u00f3w naturalnych.<\/p>\n\n\n\n<p class=\"wp-block-paragraph\"><strong>D\u0142ugofalowe dzia\u0142anie dla lepszej przysz\u0142o\u015bci<\/strong><\/p>\n\n\n\n<p class=\"wp-block-paragraph\">Projekt <strong>Czas na zmiany! Czas na EKO!<\/strong> b\u0119dzie realizowany do ko\u0144ca 2025 roku. Jego d\u0142ugofalowy charakter pozwoli na stopniowe budowanie proekologicznych nawyk\u00f3w i propagowanie wiedzy o ochronie \u015brodowiska w\u015br\u00f3d mieszka\u0144c\u00f3w Paj\u0119czna i okolic.<\/p>\n\n\n\n<p class=\"wp-block-paragraph\">Serdecznie zapraszamy do korzystania z nowo\u015bci wydawniczych oraz udzia\u0142u w organizowanych zaj\u0119ciach.<\/p>\n\n\n<div class=\"wp-block-image\">\n<figure class=\"aligncenter size-full\"><img decoding=\"async\" width=\"530\" height=\"750\" src=\"http:\/\/filiapajeczno.bpsieradz.pl\/wp-content\/uploads\/2025\/03\/czas_na_zmiany.jpg\" alt=\"\" class=\"wp-image-796\" srcset=\"http:\/\/filiapajeczno.bpsieradz.pl\/wp-content\/uploads\/2025\/03\/czas_na_zmiany.jpg 530w, http:\/\/filiapajeczno.bpsieradz.pl\/wp-content\/uploads\/2025\/03\/czas_na_zmiany-212x300.jpg 212w\" sizes=\"(max-width: 530px) 100vw, 530px\" \/><\/figure>\n<\/div>\n\n\n<p class=\"wp-block-paragraph\"><\/p>\n","protected":false},"excerpt":{"rendered":"<p>W ramach kolejnej edycji Bud\u017cetu Obywatelskiego Wojew\u00f3dztwa \u0141\u00f3dzkiego, Biblioteka Pedagogiczna w Sieradzu Filia w Paj\u0119cznie przyst\u0119puje do realizacji zadania pod nazw\u0105 Czas na zmiany! Czas na EKO!. Projekt ten ma &#8230;<\/p>\n","protected":false},"author":1,"featured_media":796,"comment_status":"closed","ping_status":"open","sticky":false,"template":"","format":"standard","meta":{"_monsterinsights_skip_tracking":false,"ngg_post_thumbnail":0,"footnotes":""},"categories":[3],"tags":[],"class_list":["post-795","post","type-post","status-publish","format-standard","has-post-thumbnail","hentry","category-aktualnosci"],"aioseo_notices":[],"rttpg_featured_image_url":{"full":["http:\/\/filiapajeczno.bpsieradz.pl\/wp-content\/uploads\/2025\/03\/czas_na_zmiany.jpg",530,750,false],"landscape":["http:\/\/filiapajeczno.bpsieradz.pl\/wp-content\/uploads\/2025\/03\/czas_na_zmiany.jpg",530,750,false],"portraits":["http:\/\/filiapajeczno.bpsieradz.pl\/wp-content\/uploads\/2025\/03\/czas_na_zmiany.jpg",530,750,false],"thumbnail":["http:\/\/filiapajeczno.bpsieradz.pl\/wp-content\/uploads\/2025\/03\/czas_na_zmiany-150x150.jpg",150,150,true],"medium":["http:\/\/filiapajeczno.bpsieradz.pl\/wp-content\/uploads\/2025\/03\/czas_na_zmiany-212x300.jpg",212,300,true],"large":["http:\/\/filiapajeczno.bpsieradz.pl\/wp-content\/uploads\/2025\/03\/czas_na_zmiany.jpg",530,750,false],"1536x1536":["http:\/\/filiapajeczno.bpsieradz.pl\/wp-content\/uploads\/2025\/03\/czas_na_zmiany.jpg",530,750,false],"2048x2048":["http:\/\/filiapajeczno.bpsieradz.pl\/wp-content\/uploads\/2025\/03\/czas_na_zmiany.jpg",530,750,false],"onepress-blog-small":["http:\/\/filiapajeczno.bpsieradz.pl\/wp-content\/uploads\/2025\/03\/czas_na_zmiany-300x150.jpg",300,150,true],"onepress-small":["http:\/\/filiapajeczno.bpsieradz.pl\/wp-content\/uploads\/2025\/03\/czas_na_zmiany-480x300.jpg",480,300,true],"onepress-medium":["http:\/\/filiapajeczno.bpsieradz.pl\/wp-content\/uploads\/2025\/03\/czas_na_zmiany-530x400.jpg",530,400,true]},"rttpg_author":{"display_name":"admin","author_link":"http:\/\/filiapajeczno.bpsieradz.pl\/index.php\/author\/admin\/"},"rttpg_comment":0,"rttpg_category":"<a href=\"http:\/\/filiapajeczno.bpsieradz.pl\/index.php\/category\/aktualnosci\/\" rel=\"category tag\">Aktualno\u015bci<\/a>","rttpg_excerpt":"W ramach kolejnej edycji Bud\u017cetu Obywatelskiego Wojew\u00f3dztwa \u0141\u00f3dzkiego, Biblioteka Pedagogiczna w Sieradzu Filia w Paj\u0119cznie przyst\u0119puje do realizacji zadania pod nazw\u0105 Czas na zmiany! Czas na EKO!. Projekt ten ma ...","_links":{"self":[{"href":"http:\/\/filiapajeczno.bpsieradz.pl\/index.php\/wp-json\/wp\/v2\/posts\/795","targetHints":{"allow":["GET"]}}],"collection":[{"href":"http:\/\/filiapajeczno.bpsieradz.pl\/index.php\/wp-json\/wp\/v2\/posts"}],"about":[{"href":"http:\/\/filiapajeczno.bpsieradz.pl\/index.php\/wp-json\/wp\/v2\/types\/post"}],"author":[{"embeddable":true,"href":"http:\/\/filiapajeczno.bpsieradz.pl\/index.php\/wp-json\/wp\/v2\/users\/1"}],"replies":[{"embeddable":true,"href":"http:\/\/filiapajeczno.bpsieradz.pl\/index.php\/wp-json\/wp\/v2\/comments?post=795"}],"version-history":[{"count":2,"href":"http:\/\/filiapajeczno.bpsieradz.pl\/index.php\/wp-json\/wp\/v2\/posts\/795\/revisions"}],"predecessor-version":[{"id":799,"href":"http:\/\/filiapajeczno.bpsieradz.pl\/index.php\/wp-json\/wp\/v2\/posts\/795\/revisions\/799"}],"wp:featuredmedia":[{"embeddable":true,"href":"http:\/\/filiapajeczno.bpsieradz.pl\/index.php\/wp-json\/wp\/v2\/media\/796"}],"wp:attachment":[{"href":"http:\/\/filiapajeczno.bpsieradz.pl\/index.php\/wp-json\/wp\/v2\/media?parent=795"}],"wp:term":[{"taxonomy":"category","embeddable":true,"href":"http:\/\/filiapajeczno.bpsieradz.pl\/index.php\/wp-json\/wp\/v2\/categories?post=795"},{"taxonomy":"post_tag","embeddable":true,"href":"http:\/\/filiapajeczno.bpsieradz.pl\/index.php\/wp-json\/wp\/v2\/tags?post=795"}],"curies":[{"name":"wp","href":"https:\/\/api.w.org\/{rel}","templated":true}]}}