{"id":710,"date":"2024-10-02T07:32:41","date_gmt":"2024-10-02T07:32:41","guid":{"rendered":"http:\/\/filiapajeczno.bpsieradz.pl\/?p=710"},"modified":"2025-03-05T07:38:04","modified_gmt":"2025-03-05T07:38:04","slug":"narodowe-czytanie-2024-kordian-juliusza-slowackiego","status":"publish","type":"post","link":"http:\/\/filiapajeczno.bpsieradz.pl\/index.php\/2024\/10\/02\/narodowe-czytanie-2024-kordian-juliusza-slowackiego\/","title":{"rendered":"NARODOWE CZYTANIE 2024 &#8211; &#8222;Kordian&#8221; Juliusza S\u0142owackiego"},"content":{"rendered":"\n<p class=\"wp-block-paragraph\"><a target=\"_blank\" rel=\"noreferrer noopener\" href=\"http:\/\/filiapajeczno.bpsieradz.pl\/cache\/800x800__images_2024_narodowe_czytanie_plakat_NCz.jpg\"><\/a>Po raz kolejny CREW\u0141 w Sieradzu Biblioteka Pedagogiczna w Sieradzu Filia w Paj\u0119cznie uczestniczy\u0142a w akcji Narodowe Czytanie, kt\u00f3ra zosta\u0142a zorganizowana we wsp\u00f3\u0142pracy z BPGiM-a Paj\u0119czno oraz Zespo\u0142em Szk\u00f3\u0142 w Paj\u0119cznie. Akcja mia\u0142a charakter online. W wyznaczonych terminach odbywa\u0142y si\u0119 nagrania czytanych fragment\u00f3w tegorocznej lektury tj. \u201eKordiana\u201d Juliusza S\u0142owackiego. Filmy z nagraniami zosta\u0142y zamieszczone na stronach lub profilach spo\u0142eczno\u015bciowych FB organizator\u00f3w.<\/p>\n\n\n\n<p class=\"wp-block-paragraph\">W tegorocznej edycji Narodowego Czytania wybrane fragmenty czytali uczniowie z Zespo\u0142u Szk\u00f3\u0142 im. H. Sienkiewicza w Paj\u0119cznie oraz przedstawiciele r\u00f3\u017cnych instytucji m.in. &#8211; wiceburmistrz Paj\u0119czna, dyrektor MOK w Paj\u0119cznie, radna i przewodnicz\u0105cy Rady Miasta, dyrektor PPP-P w Paj\u0119cznie, cz\u0142onkowie UTW, DKK, Stowarzyszenia Towarzystwo Przyjaci\u00f3\u0142 Paj\u0119czna, Klubu Seniora, zast\u0119pca Dow\u00f3dcy z Komendy Powiatowej Pa\u0144stwowej Stra\u017cy Po\u017carnej w Paj\u0119cznie, zast\u0119pca Komendanta Komendy Powiatowej Policji w Paj\u0119cznie i oficer prasowy, nauczycielki z paj\u0119cza\u0144skich przedszkoli, bibliotekarki z BPGiM-a Paj\u0119czno. Pracownicy Biblioteki Pedagogicznej w Paj\u0119cznie czytali \u2013 Akt I, scena II i III. Film z czytanym fragmentem tegorocznej lektury tj. &#8222;Kordiana&#8221; Juliusza S\u0142owackiego zosta\u0142 zamieszczony m.in. na FB naszej plac\u00f3wki. Ca\u0142o\u015b\u0107 jest dost\u0119pna na profilu spo\u0142eczno\u015bciowym BPGIM-a Paj\u0119czno.<\/p>\n\n\n\nngg_shortcode_0_placeholder\n","protected":false},"excerpt":{"rendered":"<p>Po raz kolejny CREW\u0141 w Sieradzu Biblioteka Pedagogiczna w Sieradzu Filia w Paj\u0119cznie uczestniczy\u0142a w akcji Narodowe Czytanie, kt\u00f3ra zosta\u0142a zorganizowana we wsp\u00f3\u0142pracy z BPGiM-a Paj\u0119czno oraz Zespo\u0142em Szk\u00f3\u0142 w &#8230;<\/p>\n","protected":false},"author":1,"featured_media":711,"comment_status":"closed","ping_status":"open","sticky":false,"template":"","format":"standard","meta":{"_monsterinsights_skip_tracking":false,"ngg_post_thumbnail":0,"footnotes":""},"categories":[3],"tags":[],"class_list":["post-710","post","type-post","status-publish","format-standard","has-post-thumbnail","hentry","category-aktualnosci"],"aioseo_notices":[],"rttpg_featured_image_url":{"full":["http:\/\/filiapajeczno.bpsieradz.pl\/wp-content\/uploads\/2025\/03\/458626252_1042295977532909_5545881951986101547_n1.jpg",1824,1368,false],"landscape":["http:\/\/filiapajeczno.bpsieradz.pl\/wp-content\/uploads\/2025\/03\/458626252_1042295977532909_5545881951986101547_n1.jpg",1824,1368,false],"portraits":["http:\/\/filiapajeczno.bpsieradz.pl\/wp-content\/uploads\/2025\/03\/458626252_1042295977532909_5545881951986101547_n1.jpg",1824,1368,false],"thumbnail":["http:\/\/filiapajeczno.bpsieradz.pl\/wp-content\/uploads\/2025\/03\/458626252_1042295977532909_5545881951986101547_n1-150x150.jpg",150,150,true],"medium":["http:\/\/filiapajeczno.bpsieradz.pl\/wp-content\/uploads\/2025\/03\/458626252_1042295977532909_5545881951986101547_n1-300x225.jpg",300,225,true],"large":["http:\/\/filiapajeczno.bpsieradz.pl\/wp-content\/uploads\/2025\/03\/458626252_1042295977532909_5545881951986101547_n1-1024x768.jpg",800,600,true],"1536x1536":["http:\/\/filiapajeczno.bpsieradz.pl\/wp-content\/uploads\/2025\/03\/458626252_1042295977532909_5545881951986101547_n1-1536x1152.jpg",1536,1152,true],"2048x2048":["http:\/\/filiapajeczno.bpsieradz.pl\/wp-content\/uploads\/2025\/03\/458626252_1042295977532909_5545881951986101547_n1.jpg",1824,1368,false],"onepress-blog-small":["http:\/\/filiapajeczno.bpsieradz.pl\/wp-content\/uploads\/2025\/03\/458626252_1042295977532909_5545881951986101547_n1-300x150.jpg",300,150,true],"onepress-small":["http:\/\/filiapajeczno.bpsieradz.pl\/wp-content\/uploads\/2025\/03\/458626252_1042295977532909_5545881951986101547_n1-480x300.jpg",480,300,true],"onepress-medium":["http:\/\/filiapajeczno.bpsieradz.pl\/wp-content\/uploads\/2025\/03\/458626252_1042295977532909_5545881951986101547_n1-640x400.jpg",640,400,true]},"rttpg_author":{"display_name":"admin","author_link":"http:\/\/filiapajeczno.bpsieradz.pl\/index.php\/author\/admin\/"},"rttpg_comment":0,"rttpg_category":"<a href=\"http:\/\/filiapajeczno.bpsieradz.pl\/index.php\/category\/aktualnosci\/\" rel=\"category tag\">Aktualno\u015bci<\/a>","rttpg_excerpt":"Po raz kolejny CREW\u0141 w Sieradzu Biblioteka Pedagogiczna w Sieradzu Filia w Paj\u0119cznie uczestniczy\u0142a w akcji Narodowe Czytanie, kt\u00f3ra zosta\u0142a zorganizowana we wsp\u00f3\u0142pracy z BPGiM-a Paj\u0119czno oraz Zespo\u0142em Szk\u00f3\u0142 w ...","_links":{"self":[{"href":"http:\/\/filiapajeczno.bpsieradz.pl\/index.php\/wp-json\/wp\/v2\/posts\/710","targetHints":{"allow":["GET"]}}],"collection":[{"href":"http:\/\/filiapajeczno.bpsieradz.pl\/index.php\/wp-json\/wp\/v2\/posts"}],"about":[{"href":"http:\/\/filiapajeczno.bpsieradz.pl\/index.php\/wp-json\/wp\/v2\/types\/post"}],"author":[{"embeddable":true,"href":"http:\/\/filiapajeczno.bpsieradz.pl\/index.php\/wp-json\/wp\/v2\/users\/1"}],"replies":[{"embeddable":true,"href":"http:\/\/filiapajeczno.bpsieradz.pl\/index.php\/wp-json\/wp\/v2\/comments?post=710"}],"version-history":[{"count":1,"href":"http:\/\/filiapajeczno.bpsieradz.pl\/index.php\/wp-json\/wp\/v2\/posts\/710\/revisions"}],"predecessor-version":[{"id":715,"href":"http:\/\/filiapajeczno.bpsieradz.pl\/index.php\/wp-json\/wp\/v2\/posts\/710\/revisions\/715"}],"wp:featuredmedia":[{"embeddable":true,"href":"http:\/\/filiapajeczno.bpsieradz.pl\/index.php\/wp-json\/wp\/v2\/media\/711"}],"wp:attachment":[{"href":"http:\/\/filiapajeczno.bpsieradz.pl\/index.php\/wp-json\/wp\/v2\/media?parent=710"}],"wp:term":[{"taxonomy":"category","embeddable":true,"href":"http:\/\/filiapajeczno.bpsieradz.pl\/index.php\/wp-json\/wp\/v2\/categories?post=710"},{"taxonomy":"post_tag","embeddable":true,"href":"http:\/\/filiapajeczno.bpsieradz.pl\/index.php\/wp-json\/wp\/v2\/tags?post=710"}],"curies":[{"name":"wp","href":"https:\/\/api.w.org\/{rel}","templated":true}]}}