{"id":704,"date":"2024-09-24T07:25:47","date_gmt":"2024-09-24T07:25:47","guid":{"rendered":"http:\/\/filiapajeczno.bpsieradz.pl\/?p=704"},"modified":"2025-03-05T07:31:34","modified_gmt":"2025-03-05T07:31:34","slug":"powiatowy-konkurs-czytelniczy-ph-czy-znasz-czy-wiesz","status":"publish","type":"post","link":"http:\/\/filiapajeczno.bpsieradz.pl\/index.php\/2024\/09\/24\/powiatowy-konkurs-czytelniczy-ph-czy-znasz-czy-wiesz\/","title":{"rendered":"Powiatowy konkurs czytelniczy ph &#8222;Czy znasz?, czy wiesz?&#8221;"},"content":{"rendered":"\n<p class=\"wp-block-paragraph\">CREW\u0141 w Sieradzu Biblioteka Pedagogiczna w Sieradzu Filia w Paj\u0119cznie zaprasza uczni\u00f3w klas V \u2013 VIII ze szk\u00f3\u0142 podstawowych z terenu powiatu paj\u0119cza\u0144skiego do udzia\u0142u w powiatowym konkursie czytelniczym ph.&#8221;Czy znasz?, czy wiesz?.\u201d Konkurs ma charakter pisemny. Przedmiotem konkursu jest znajomo\u015b\u0107 tre\u015bci 4 ksi\u0105\u017cek (wydania dowolne) tj. <\/p>\n\n\n\n<ul class=\"wp-block-list\">\n<li>Eric-Emmanuel Schmitt: \u201eOskar i pani R\u00f3\u017ca\u201d, <\/li>\n\n\n\n<li>Barbara Kosmowska: \u201eKolorowy szalik\u201d,<\/li>\n\n\n\n<li>Antoine de Saint-Exup\u0113ry: \u201eMa\u0142y ksi\u0105\u017c\u0119\u201d,<\/li>\n\n\n\n<li>Ernest Hemingway: \u201eStary cz\u0142owiek i morze.\u201d <\/li>\n<\/ul>\n\n\n\n<p class=\"wp-block-paragraph\">Konkurs jest zorganizowany w ramach realizacji dzia\u0142a\u0144 z Narodowego Programu Rozwoju Czytelnictwa 2.0 na lata 2021-2025 \u2013 Priorytet 3 \u2013 kierunek interwencji 3.2. Zakup nowo\u015bci wydawniczych oraz element\u00f3w wyposa\u017cenia do bibliotek szkolnych i pedagogicznych. Szczeg\u00f3\u0142y w Regulaminie. Zapraszamy do udzia\u0142u! \u00a0<\/p>\n\n\n<div class=\"wp-block-image\">\n<figure class=\"aligncenter size-large\"><img fetchpriority=\"high\" decoding=\"async\" width=\"724\" height=\"1024\" src=\"http:\/\/filiapajeczno.bpsieradz.pl\/wp-content\/uploads\/2025\/03\/plakat_3-724x1024.jpg\" alt=\"\" class=\"wp-image-705\" srcset=\"http:\/\/filiapajeczno.bpsieradz.pl\/wp-content\/uploads\/2025\/03\/plakat_3-724x1024.jpg 724w, http:\/\/filiapajeczno.bpsieradz.pl\/wp-content\/uploads\/2025\/03\/plakat_3-212x300.jpg 212w, http:\/\/filiapajeczno.bpsieradz.pl\/wp-content\/uploads\/2025\/03\/plakat_3-768x1086.jpg 768w, http:\/\/filiapajeczno.bpsieradz.pl\/wp-content\/uploads\/2025\/03\/plakat_3-1086x1536.jpg 1086w, http:\/\/filiapajeczno.bpsieradz.pl\/wp-content\/uploads\/2025\/03\/plakat_3-1448x2048.jpg 1448w, http:\/\/filiapajeczno.bpsieradz.pl\/wp-content\/uploads\/2025\/03\/plakat_3.jpg 1587w\" sizes=\"(max-width: 724px) 100vw, 724px\" \/><\/figure>\n<\/div>\n\n\n<p class=\"wp-block-paragraph\"><a href=\"http:\/\/filiapajeczno.bpsieradz.pl\/wp-content\/uploads\/2025\/03\/Regulamin_konkursu_czytelniczego.pdf\" title=\"\">Regulamin Powiatowego konkursu czytelniczego ph &#8222;Czy znasz?, czy wiesz?&#8221;<\/a><\/p>\n\n\n\n<p class=\"wp-block-paragraph\"><a href=\"http:\/\/filiapajeczno.bpsieradz.pl\/wp-content\/uploads\/2025\/03\/Karta_zgloszenia.pdf\" title=\"\">Karta zg\u0142oszenia ucznia do powiatowego konkursu czytelniczego \u201eCzy znasz?, czy wiesz?\u201d<\/a><\/p>\n\n\n\n<p class=\"wp-block-paragraph\"><a href=\"http:\/\/filiapajeczno.bpsieradz.pl\/wp-content\/uploads\/2025\/03\/Klauzula_powiatowego_konkursu_czytelniczego.pdf\" title=\"\">Klauzula informacyjna &#8211; Konkurs czytelniczy<\/a><\/p>\n","protected":false},"excerpt":{"rendered":"<p>CREW\u0141 w Sieradzu Biblioteka Pedagogiczna w Sieradzu Filia w Paj\u0119cznie zaprasza uczni\u00f3w klas V \u2013 VIII ze szk\u00f3\u0142 podstawowych z terenu powiatu paj\u0119cza\u0144skiego do udzia\u0142u w powiatowym konkursie czytelniczym ph.&#8221;Czy &#8230;<\/p>\n","protected":false},"author":1,"featured_media":705,"comment_status":"closed","ping_status":"open","sticky":false,"template":"","format":"standard","meta":{"_monsterinsights_skip_tracking":false,"ngg_post_thumbnail":0,"footnotes":""},"categories":[3],"tags":[],"class_list":["post-704","post","type-post","status-publish","format-standard","has-post-thumbnail","hentry","category-aktualnosci"],"aioseo_notices":[],"rttpg_featured_image_url":{"full":["http:\/\/filiapajeczno.bpsieradz.pl\/wp-content\/uploads\/2025\/03\/plakat_3.jpg",1587,2245,false],"landscape":["http:\/\/filiapajeczno.bpsieradz.pl\/wp-content\/uploads\/2025\/03\/plakat_3.jpg",1587,2245,false],"portraits":["http:\/\/filiapajeczno.bpsieradz.pl\/wp-content\/uploads\/2025\/03\/plakat_3.jpg",1587,2245,false],"thumbnail":["http:\/\/filiapajeczno.bpsieradz.pl\/wp-content\/uploads\/2025\/03\/plakat_3-150x150.jpg",150,150,true],"medium":["http:\/\/filiapajeczno.bpsieradz.pl\/wp-content\/uploads\/2025\/03\/plakat_3-212x300.jpg",212,300,true],"large":["http:\/\/filiapajeczno.bpsieradz.pl\/wp-content\/uploads\/2025\/03\/plakat_3-724x1024.jpg",724,1024,true],"1536x1536":["http:\/\/filiapajeczno.bpsieradz.pl\/wp-content\/uploads\/2025\/03\/plakat_3-1086x1536.jpg",1086,1536,true],"2048x2048":["http:\/\/filiapajeczno.bpsieradz.pl\/wp-content\/uploads\/2025\/03\/plakat_3-1448x2048.jpg",1448,2048,true],"onepress-blog-small":["http:\/\/filiapajeczno.bpsieradz.pl\/wp-content\/uploads\/2025\/03\/plakat_3-300x150.jpg",300,150,true],"onepress-small":["http:\/\/filiapajeczno.bpsieradz.pl\/wp-content\/uploads\/2025\/03\/plakat_3-480x300.jpg",480,300,true],"onepress-medium":["http:\/\/filiapajeczno.bpsieradz.pl\/wp-content\/uploads\/2025\/03\/plakat_3-640x400.jpg",640,400,true]},"rttpg_author":{"display_name":"admin","author_link":"http:\/\/filiapajeczno.bpsieradz.pl\/index.php\/author\/admin\/"},"rttpg_comment":0,"rttpg_category":"<a href=\"http:\/\/filiapajeczno.bpsieradz.pl\/index.php\/category\/aktualnosci\/\" rel=\"category tag\">Aktualno\u015bci<\/a>","rttpg_excerpt":"CREW\u0141 w Sieradzu Biblioteka Pedagogiczna w Sieradzu Filia w Paj\u0119cznie zaprasza uczni\u00f3w klas V \u2013 VIII ze szk\u00f3\u0142 podstawowych z terenu powiatu paj\u0119cza\u0144skiego do udzia\u0142u w powiatowym konkursie czytelniczym ph.&#8221;Czy ...","_links":{"self":[{"href":"http:\/\/filiapajeczno.bpsieradz.pl\/index.php\/wp-json\/wp\/v2\/posts\/704","targetHints":{"allow":["GET"]}}],"collection":[{"href":"http:\/\/filiapajeczno.bpsieradz.pl\/index.php\/wp-json\/wp\/v2\/posts"}],"about":[{"href":"http:\/\/filiapajeczno.bpsieradz.pl\/index.php\/wp-json\/wp\/v2\/types\/post"}],"author":[{"embeddable":true,"href":"http:\/\/filiapajeczno.bpsieradz.pl\/index.php\/wp-json\/wp\/v2\/users\/1"}],"replies":[{"embeddable":true,"href":"http:\/\/filiapajeczno.bpsieradz.pl\/index.php\/wp-json\/wp\/v2\/comments?post=704"}],"version-history":[{"count":1,"href":"http:\/\/filiapajeczno.bpsieradz.pl\/index.php\/wp-json\/wp\/v2\/posts\/704\/revisions"}],"predecessor-version":[{"id":709,"href":"http:\/\/filiapajeczno.bpsieradz.pl\/index.php\/wp-json\/wp\/v2\/posts\/704\/revisions\/709"}],"wp:featuredmedia":[{"embeddable":true,"href":"http:\/\/filiapajeczno.bpsieradz.pl\/index.php\/wp-json\/wp\/v2\/media\/705"}],"wp:attachment":[{"href":"http:\/\/filiapajeczno.bpsieradz.pl\/index.php\/wp-json\/wp\/v2\/media?parent=704"}],"wp:term":[{"taxonomy":"category","embeddable":true,"href":"http:\/\/filiapajeczno.bpsieradz.pl\/index.php\/wp-json\/wp\/v2\/categories?post=704"},{"taxonomy":"post_tag","embeddable":true,"href":"http:\/\/filiapajeczno.bpsieradz.pl\/index.php\/wp-json\/wp\/v2\/tags?post=704"}],"curies":[{"name":"wp","href":"https:\/\/api.w.org\/{rel}","templated":true}]}}