{"id":696,"date":"2024-10-01T07:21:57","date_gmt":"2024-10-01T07:21:57","guid":{"rendered":"http:\/\/filiapajeczno.bpsieradz.pl\/?p=696"},"modified":"2025-03-05T07:25:16","modified_gmt":"2025-03-05T07:25:16","slug":"glosne-czytanie-dzieciom-w-ramach-obchodow-ogolnopolskiego-dnia-glosnego-czytania","status":"publish","type":"post","link":"http:\/\/filiapajeczno.bpsieradz.pl\/index.php\/2024\/10\/01\/glosne-czytanie-dzieciom-w-ramach-obchodow-ogolnopolskiego-dnia-glosnego-czytania\/","title":{"rendered":"\u201eG\u0142o\u015bne Czytanie Dzieciom\u201d w ramach obchod\u00f3w Og\u00f3lnopolskiego Dnia G\u0142o\u015bnego Czytania!"},"content":{"rendered":"\n<p class=\"wp-block-paragraph\"><\/p>\n\n\n\n<p class=\"wp-block-paragraph\"><a target=\"_blank\" rel=\"noreferrer noopener\" href=\"http:\/\/filiapajeczno.bpsieradz.pl\/images\/2024\/G\u0142osne_Czytanie_Dzieciom\/zd_01.jpg\"><\/a>W dniu 29 wrze\u015bnia przypada Og\u00f3lnopolski Dzie\u0144 G\u0142o\u015bnego Czytania, kt\u00f3ry obchodzimy od 2001r. z inicjatywy Polskiej Izby Ksi\u0105\u017cki. Data zwi\u0105zana jest z dniem urodzin Janiny Porazi\u0144skiej, autorki utwor\u00f3w dla dzieci. Celem tego \u015bwi\u0119ta jest propagowanie czytelnictwa w\u015br\u00f3d najm\u0142odszych, a g\u0142o\u015bne czytanie jest motywem przewodnim tej akcji. CREW\u0141 w Sieradzu Biblioteka Pedagogiczna w Sieradzu Filia w Paj\u0119cznie w\u0142\u0105czaj\u0105c si\u0119 w jego obchody, wsp\u00f3lnie z bibliotekarzem z biblioteki szkolnej i uczniami ze Szko\u0142y Podstawowej nr 2 im. Polskich Noblist\u00f3w w Paj\u0119cznie, przeprowadzi\u0142a akcj\u0119 \u201eG\u0142o\u015bnego Czytania Dzieciom\u201d w Publicznym Przedszkolu nr 1 w Paj\u0119cznie.<\/p>\n\n\n\n<p class=\"wp-block-paragraph\">Do udzia\u0142u w akcji zaprosili\u015bmy tak\u017ce przedszkolaki z Oddzia\u0142u Przedszkolnego przy SP nr 1 im. Juliana Tuwima w Paj\u0119cznie. Grupa przyby\u0142a do naszej biblioteki. Przedszkolaki ze wszystkich grup przedszkolnych z PP nr 1 w Paj\u0119cznie wys\u0142ucha\u0142y pi\u0119knych wierszy Juliana Tuwima czytanych przez uczni\u00f3w z r\u00f3\u017cnych klas ze SP nr 2 w Paj\u0119cznie, a dzieci z Oddzia\u0142u Przedszkolnego utwor\u00f3w czytanych przez kierownika BP w Paj\u0119cznie. W\u015br\u00f3d czytanych wierszy znalaz\u0142y si\u0119: \u201eRzepka\u201d, \u201ePan Malu\u015bkiewicz i wieloryb\u201d, ,,\u201dOkulary\u201d, ,,O Grzesiu k\u0142amczuchu\u201d, \u201eTelefon\u201d, \u201ePtasie radio\u201d, \u201dS\u0142o\u0144 Tr\u0105balski\u201d,\u201dDyzio Marzyciel\u201d ,&#8221;Pstryk.&#8221;<br>Wyb\u00f3r wierszy Juliana Tuwima nie by\u0142 przypadkowy. We wrze\u015bniu poeta obchodzi\u0142 130 rocznic\u0119 swoich urodzin. Znakomite wiersze Tuwima od pokole\u0144 towarzysz\u0105 najm\u0142odszym dzieciom i zawsze si\u0119 sprawdzaj\u0105. To ciep\u0142e, pogodne, weso\u0142e utwory, kt\u00f3re ucz\u0105 i bawi\u0105 ,a ka\u017cde dziecko powinno je zna\u0107. Dzieci z zainteresowaniem i u\u015bmiechem na twarzy wys\u0142ucha\u0142y utwor\u00f3w poety.<br>Dzi\u0119kujemy SP nr 2 im. Polskich Noblist\u00f3w w Paj\u0119cznie za wsp\u00f3\u0142prac\u0119 a wszystkim uczniom za po\u015bwi\u0119cony czas i propagowanie tak pi\u0119knej idei czytelnictwa w\u015br\u00f3d m\u0142odszych dzieci. Nasi lektorzy \u015bwietnie odnale\u017ali si\u0119 w swoich rolach. Og\u00f3\u0142em w akcji udzia\u0142 wzi\u0119\u0142o 138 przedszkolak\u00f3w. Akcja zosta\u0142a przeprowadzona w ramach dzia\u0142a\u0144 z Narodowego Programu Rozwoju Czytelnictwa. &nbsp;<\/p>\n\n\n\nngg_shortcode_0_placeholder\n","protected":false},"excerpt":{"rendered":"<p>W dniu 29 wrze\u015bnia przypada Og\u00f3lnopolski Dzie\u0144 G\u0142o\u015bnego Czytania, kt\u00f3ry obchodzimy od 2001r. z inicjatywy Polskiej Izby Ksi\u0105\u017cki. Data zwi\u0105zana jest z dniem urodzin Janiny Porazi\u0144skiej, autorki utwor\u00f3w dla dzieci. &#8230;<\/p>\n","protected":false},"author":1,"featured_media":702,"comment_status":"closed","ping_status":"open","sticky":false,"template":"","format":"standard","meta":{"_monsterinsights_skip_tracking":false,"ngg_post_thumbnail":0,"footnotes":""},"categories":[3],"tags":[],"class_list":["post-696","post","type-post","status-publish","format-standard","has-post-thumbnail","hentry","category-aktualnosci"],"aioseo_notices":[],"rttpg_featured_image_url":{"full":["http:\/\/filiapajeczno.bpsieradz.pl\/wp-content\/uploads\/2025\/03\/zd_011.jpg",750,629,false],"landscape":["http:\/\/filiapajeczno.bpsieradz.pl\/wp-content\/uploads\/2025\/03\/zd_011.jpg",750,629,false],"portraits":["http:\/\/filiapajeczno.bpsieradz.pl\/wp-content\/uploads\/2025\/03\/zd_011.jpg",750,629,false],"thumbnail":["http:\/\/filiapajeczno.bpsieradz.pl\/wp-content\/uploads\/2025\/03\/zd_011-150x150.jpg",150,150,true],"medium":["http:\/\/filiapajeczno.bpsieradz.pl\/wp-content\/uploads\/2025\/03\/zd_011-300x252.jpg",300,252,true],"large":["http:\/\/filiapajeczno.bpsieradz.pl\/wp-content\/uploads\/2025\/03\/zd_011.jpg",750,629,false],"1536x1536":["http:\/\/filiapajeczno.bpsieradz.pl\/wp-content\/uploads\/2025\/03\/zd_011.jpg",750,629,false],"2048x2048":["http:\/\/filiapajeczno.bpsieradz.pl\/wp-content\/uploads\/2025\/03\/zd_011.jpg",750,629,false],"onepress-blog-small":["http:\/\/filiapajeczno.bpsieradz.pl\/wp-content\/uploads\/2025\/03\/zd_011-300x150.jpg",300,150,true],"onepress-small":["http:\/\/filiapajeczno.bpsieradz.pl\/wp-content\/uploads\/2025\/03\/zd_011-480x300.jpg",480,300,true],"onepress-medium":["http:\/\/filiapajeczno.bpsieradz.pl\/wp-content\/uploads\/2025\/03\/zd_011-640x400.jpg",640,400,true]},"rttpg_author":{"display_name":"admin","author_link":"http:\/\/filiapajeczno.bpsieradz.pl\/index.php\/author\/admin\/"},"rttpg_comment":0,"rttpg_category":"<a href=\"http:\/\/filiapajeczno.bpsieradz.pl\/index.php\/category\/aktualnosci\/\" rel=\"category tag\">Aktualno\u015bci<\/a>","rttpg_excerpt":"W dniu 29 wrze\u015bnia przypada Og\u00f3lnopolski Dzie\u0144 G\u0142o\u015bnego Czytania, kt\u00f3ry obchodzimy od 2001r. z inicjatywy Polskiej Izby Ksi\u0105\u017cki. Data zwi\u0105zana jest z dniem urodzin Janiny Porazi\u0144skiej, autorki utwor\u00f3w dla dzieci. ...","_links":{"self":[{"href":"http:\/\/filiapajeczno.bpsieradz.pl\/index.php\/wp-json\/wp\/v2\/posts\/696","targetHints":{"allow":["GET"]}}],"collection":[{"href":"http:\/\/filiapajeczno.bpsieradz.pl\/index.php\/wp-json\/wp\/v2\/posts"}],"about":[{"href":"http:\/\/filiapajeczno.bpsieradz.pl\/index.php\/wp-json\/wp\/v2\/types\/post"}],"author":[{"embeddable":true,"href":"http:\/\/filiapajeczno.bpsieradz.pl\/index.php\/wp-json\/wp\/v2\/users\/1"}],"replies":[{"embeddable":true,"href":"http:\/\/filiapajeczno.bpsieradz.pl\/index.php\/wp-json\/wp\/v2\/comments?post=696"}],"version-history":[{"count":1,"href":"http:\/\/filiapajeczno.bpsieradz.pl\/index.php\/wp-json\/wp\/v2\/posts\/696\/revisions"}],"predecessor-version":[{"id":703,"href":"http:\/\/filiapajeczno.bpsieradz.pl\/index.php\/wp-json\/wp\/v2\/posts\/696\/revisions\/703"}],"wp:featuredmedia":[{"embeddable":true,"href":"http:\/\/filiapajeczno.bpsieradz.pl\/index.php\/wp-json\/wp\/v2\/media\/702"}],"wp:attachment":[{"href":"http:\/\/filiapajeczno.bpsieradz.pl\/index.php\/wp-json\/wp\/v2\/media?parent=696"}],"wp:term":[{"taxonomy":"category","embeddable":true,"href":"http:\/\/filiapajeczno.bpsieradz.pl\/index.php\/wp-json\/wp\/v2\/categories?post=696"},{"taxonomy":"post_tag","embeddable":true,"href":"http:\/\/filiapajeczno.bpsieradz.pl\/index.php\/wp-json\/wp\/v2\/tags?post=696"}],"curies":[{"name":"wp","href":"https:\/\/api.w.org\/{rel}","templated":true}]}}