{"id":683,"date":"2024-10-17T07:18:03","date_gmt":"2024-10-17T07:18:03","guid":{"rendered":"http:\/\/filiapajeczno.bpsieradz.pl\/?p=683"},"modified":"2025-03-05T07:21:22","modified_gmt":"2025-03-05T07:21:22","slug":"noc-bibliotek-2024","status":"publish","type":"post","link":"http:\/\/filiapajeczno.bpsieradz.pl\/index.php\/2024\/10\/17\/noc-bibliotek-2024\/","title":{"rendered":"Noc Bibliotek 2024"},"content":{"rendered":"\n<p class=\"wp-block-paragraph\"><a target=\"_blank\" rel=\"noreferrer noopener\" href=\"http:\/\/filiapajeczno.bpsieradz.pl\/images\/2024\/Noc_Bibliotek\/3.jpg\"><\/a>W dniu 11.10.2024r. po raz kolejny wzi\u0119li\u015bmy udzia\u0142 w Nocy Bibliotek, kt\u00f3rej inicjatorem jest Centrum Edukacji Obywatelskiej i rozwija j\u0105 pod patronatem Biblioteki Narodowej, z udzia\u0142em wsp\u00f3\u0142organizator\u00f3w \u2013 Fundacji ABCXXI \u2013 Ca\u0142a Polska czyta dzieciom oraz Fundacji Rozwoju Spo\u0142ecze\u0144stwa Informacyjnego, a tak\u017ce licznych partner\u00f3w i patron\u00f3w. Celem akcji jest przekonanie do czytania i promocja lokalnych bibliotek. Tegoroczna akcja by\u0142a ju\u017c X edycj\u0105 Nocy Bibliotek \u2013 jubileuszow\u0105 pod has\u0142em \u201d Moc bibliotek\u201d (Noc Bibliotek \u2013 Noc czytania \u2013 Moc czytania \u2013 Moc Bibliotek). Nasza plac\u00f3wka zosta\u0142a oficjalnie zg\u0142oszona do organizatora. Akcja przebieg\u0142a zgodnie z programem.<\/p>\n\n\n\n<p class=\"wp-block-paragraph\">W lokalu naszej Biblioteki Pedagogicznej go\u015bcili\u015bmy uczni\u00f3w z klas V-VII ze Szko\u0142y Podstawowej im. Stefana \u017beromskiego w Zamo\u015bciu, kt\u00f3rzy przybyli wraz z Pani\u0105 Justyn\u0105 Mielczarek i Pani\u0105 And\u017celin\u0105 Klekotk\u0105 oraz jednego &#8222;rodzynka &#8222;- ucznia ze Szko\u0142y Podstawowej Nr 2 im. Polskich Noblist\u00f3w w Paj\u0119cznie. W pierwszej cz\u0119\u015bci spotkania w bibliotece uczniowie wzi\u0119li udzia\u0142 w grze &#8211; biblioteczny escape room. Po wylosowaniu sk\u0142adu 5 zespo\u0142\u00f3w otrzymali magiczne teczki, a w nich zestawy zada\u0144 do wykonania. Oj, nie by\u0142o \u0142atwo! Uczniowie musieli wykaza\u0107 si\u0119 spostrzegawczo\u015bci\u0105, umiej\u0119tno\u015bci\u0105 logicznego my\u015blenia, znajomo\u015bci\u0105 tre\u015bci ksi\u0105\u017cek i wiedz\u0105 og\u00f3ln\u0105, a przede wszystkim umiej\u0119tno\u015bci\u0105 pracy w zespole. Posz\u0142o doskonale! Dzi\u0119ki temu, mogli opu\u015bci\u0107 biblioteczne magazyny i uczestniczy\u0107 w drugiej cz\u0119\u015bci wieczoru tj. w spotkaniu z Panem Rafa\u0142em Dziadakiem pt. &#8222;Sp\u00f3jrz w niebo!&#8221;. Pan Rafa\u0142, pasjonat tajemnic nieba, przyby\u0142 do nas z ogromnym teleskopem. Niestety, co prawda nie by\u0142o deszczowo, ale ciemne ci\u0119\u017ckie chmury zakry\u0142y wszystkie gwiazdy i planety. &#8222;Obserwacji&#8221; nieba dokonali\u015bmy w lokalu biblioteki. Pan Rafa\u0142 zademonstrowa\u0142 jak dzia\u0142a teleskop, ka\u017cdy m\u00f3g\u0142 zajrze\u0107 do jego wn\u0119trza i zabawi\u0107 si\u0119 w obserwatora gwiazd. Pan Rafa\u0142 przekaza\u0142 uczniom tak\u017ce wiele ciekawych informacji nt. planet. By\u0142o to bardzo interesuj\u0105ce spotkanie! Na zako\u0144czenie tego emocjonuj\u0105cego wieczoru, ka\u017cdy ucze\u0144 otrzyma\u0142 zas\u0142u\u017cony, okoliczno\u015bciowy dyplom za udzia\u0142 w Nocy Bibliotek. Na koniec naszej Nocy Bibliotek poprosili\u015bmy uczni\u00f3w o jej podsumowanie &#8211; dzi\u0119kujemy za tak pochlebn\u0105 ocen\u0119! A jako Biblioteka dzi\u0119kujemy wszystkim za udzia\u0142 w naszej NOCY BIBLIOTEK &#8211; UCZNIOM, PANIOM OPIEKUNKOM i PANU RAFA\u0141OWI DZIADAKOWI, kt\u00f3ry po\u015bwi\u0119ci\u0142 sw\u00f3j prywatny czas, aby do nas przyby\u0107. Bez Was nie by\u0142oby tej super zabawy! Dzi\u0119kujemy r\u00f3wnie\u017c za wspania\u0142y podarunek dla Biblioteki &#8211; ksi\u0105\u017cka oczywi\u015bcie znajdzie si\u0119 w naszych zbiorach, a zapach woskowych \u015bwiec zostanie z nami na d\u0142ugo ! By\u0142o to ju\u017c nasze drugie spotkanie podczas Nocy Bibliotek z uczniami \u017ce SP w Zamo\u015bciu. \u00a0<\/p>\n\n\n\nngg_shortcode_0_placeholder\n","protected":false},"excerpt":{"rendered":"<p>W dniu 11.10.2024r. po raz kolejny wzi\u0119li\u015bmy udzia\u0142 w Nocy Bibliotek, kt\u00f3rej inicjatorem jest Centrum Edukacji Obywatelskiej i rozwija j\u0105 pod patronatem Biblioteki Narodowej, z udzia\u0142em wsp\u00f3\u0142organizator\u00f3w \u2013 Fundacji ABCXXI &#8230;<\/p>\n","protected":false},"author":1,"featured_media":694,"comment_status":"closed","ping_status":"open","sticky":false,"template":"","format":"standard","meta":{"_monsterinsights_skip_tracking":false,"ngg_post_thumbnail":0,"footnotes":""},"categories":[3],"tags":[],"class_list":["post-683","post","type-post","status-publish","format-standard","has-post-thumbnail","hentry","category-aktualnosci"],"aioseo_notices":[],"rttpg_featured_image_url":{"full":["http:\/\/filiapajeczno.bpsieradz.pl\/wp-content\/uploads\/2025\/03\/21.jpg",640,512,false],"landscape":["http:\/\/filiapajeczno.bpsieradz.pl\/wp-content\/uploads\/2025\/03\/21.jpg",640,512,false],"portraits":["http:\/\/filiapajeczno.bpsieradz.pl\/wp-content\/uploads\/2025\/03\/21.jpg",640,512,false],"thumbnail":["http:\/\/filiapajeczno.bpsieradz.pl\/wp-content\/uploads\/2025\/03\/21-150x150.jpg",150,150,true],"medium":["http:\/\/filiapajeczno.bpsieradz.pl\/wp-content\/uploads\/2025\/03\/21-300x240.jpg",300,240,true],"large":["http:\/\/filiapajeczno.bpsieradz.pl\/wp-content\/uploads\/2025\/03\/21.jpg",640,512,false],"1536x1536":["http:\/\/filiapajeczno.bpsieradz.pl\/wp-content\/uploads\/2025\/03\/21.jpg",640,512,false],"2048x2048":["http:\/\/filiapajeczno.bpsieradz.pl\/wp-content\/uploads\/2025\/03\/21.jpg",640,512,false],"onepress-blog-small":["http:\/\/filiapajeczno.bpsieradz.pl\/wp-content\/uploads\/2025\/03\/21-300x150.jpg",300,150,true],"onepress-small":["http:\/\/filiapajeczno.bpsieradz.pl\/wp-content\/uploads\/2025\/03\/21-480x300.jpg",480,300,true],"onepress-medium":["http:\/\/filiapajeczno.bpsieradz.pl\/wp-content\/uploads\/2025\/03\/21-640x400.jpg",640,400,true]},"rttpg_author":{"display_name":"admin","author_link":"http:\/\/filiapajeczno.bpsieradz.pl\/index.php\/author\/admin\/"},"rttpg_comment":0,"rttpg_category":"<a href=\"http:\/\/filiapajeczno.bpsieradz.pl\/index.php\/category\/aktualnosci\/\" rel=\"category tag\">Aktualno\u015bci<\/a>","rttpg_excerpt":"W dniu 11.10.2024r. po raz kolejny wzi\u0119li\u015bmy udzia\u0142 w Nocy Bibliotek, kt\u00f3rej inicjatorem jest Centrum Edukacji Obywatelskiej i rozwija j\u0105 pod patronatem Biblioteki Narodowej, z udzia\u0142em wsp\u00f3\u0142organizator\u00f3w \u2013 Fundacji ABCXXI ...","_links":{"self":[{"href":"http:\/\/filiapajeczno.bpsieradz.pl\/index.php\/wp-json\/wp\/v2\/posts\/683","targetHints":{"allow":["GET"]}}],"collection":[{"href":"http:\/\/filiapajeczno.bpsieradz.pl\/index.php\/wp-json\/wp\/v2\/posts"}],"about":[{"href":"http:\/\/filiapajeczno.bpsieradz.pl\/index.php\/wp-json\/wp\/v2\/types\/post"}],"author":[{"embeddable":true,"href":"http:\/\/filiapajeczno.bpsieradz.pl\/index.php\/wp-json\/wp\/v2\/users\/1"}],"replies":[{"embeddable":true,"href":"http:\/\/filiapajeczno.bpsieradz.pl\/index.php\/wp-json\/wp\/v2\/comments?post=683"}],"version-history":[{"count":1,"href":"http:\/\/filiapajeczno.bpsieradz.pl\/index.php\/wp-json\/wp\/v2\/posts\/683\/revisions"}],"predecessor-version":[{"id":695,"href":"http:\/\/filiapajeczno.bpsieradz.pl\/index.php\/wp-json\/wp\/v2\/posts\/683\/revisions\/695"}],"wp:featuredmedia":[{"embeddable":true,"href":"http:\/\/filiapajeczno.bpsieradz.pl\/index.php\/wp-json\/wp\/v2\/media\/694"}],"wp:attachment":[{"href":"http:\/\/filiapajeczno.bpsieradz.pl\/index.php\/wp-json\/wp\/v2\/media?parent=683"}],"wp:term":[{"taxonomy":"category","embeddable":true,"href":"http:\/\/filiapajeczno.bpsieradz.pl\/index.php\/wp-json\/wp\/v2\/categories?post=683"},{"taxonomy":"post_tag","embeddable":true,"href":"http:\/\/filiapajeczno.bpsieradz.pl\/index.php\/wp-json\/wp\/v2\/tags?post=683"}],"curies":[{"name":"wp","href":"https:\/\/api.w.org\/{rel}","templated":true}]}}