{"id":667,"date":"2024-10-28T12:04:40","date_gmt":"2024-10-28T12:04:40","guid":{"rendered":"http:\/\/filiapajeczno.bpsieradz.pl\/?p=667"},"modified":"2025-03-04T12:11:34","modified_gmt":"2025-03-04T12:11:34","slug":"xvi-ogolnopolski-tydzien-kariery-2024-haslo-pasja-motywacja-odwaga","status":"publish","type":"post","link":"http:\/\/filiapajeczno.bpsieradz.pl\/index.php\/2024\/10\/28\/xvi-ogolnopolski-tydzien-kariery-2024-haslo-pasja-motywacja-odwaga\/","title":{"rendered":"XVI Og\u00f3lnopolski Tydzie\u0144 Kariery 2024 Has\u0142o: Pasja \u2013 Motywacja &#8211; Odwaga"},"content":{"rendered":"\n<p class=\"wp-block-paragraph\">W tym roku w dniach 14-20 pa\u017adziernika odbywa\u0142 si\u0119 po raz 16. Og\u00f3lnopolski Tydzie\u0144 Kariery, kt\u00f3ry zosta\u0142 zainicjowany przez Stowarzyszenie Doradc\u00f3w Szkolnych i Zawodowych RP. Wydarzenie to odbywa si\u0119 coroczne. W tym roku przebiega\u0142 pod has\u0142em: Pasja-Motywacja -Odwaga. Jego celem jest wspieranie m\u0142odych ludzi w planowaniu dalszej, szeroko rozumianej edukacji, budowanie \u015bcie\u017cki kariery czy odkrywanie zasob\u00f3w oraz talent\u00f3w. CRE W\u0141 w Sieradzu Biblioteka Pedagogiczna w Sieradzu Filia w Paj\u0119cznie tak\u017ce w\u0142\u0105cza si\u0119 corocznie w to wydarzenie.<\/p>\n\n\n\n<p class=\"wp-block-paragraph\">Z tej okazji w tym roku przygotowali\u015bmy:<\/p>\n\n\n\n<p class=\"wp-block-paragraph\">&#8211; <strong>wystawk\u0119 ksi\u0105\u017cek<\/strong> zwi\u0105zanych z has\u0142em tegorocznego OTK (w wypo\u017cyczalni).<\/p>\n\n\n\n<p class=\"wp-block-paragraph\">&#8211; <strong>w dniu 16.10.2024 r. &#8211; odby\u0142o si\u0119 spotkanie ph. \u201eTaniec moj\u0105 pasj\u0105.\u201d<\/strong> Go\u015bciem by\u0142a Pani Aleksandra Mostowska, instruktorka ta\u0144ca towarzyskiego. W spotkaniu udzia\u0142 wzi\u0119li pierwszoklasi\u015bci z klasy I a i I b ze Szko\u0142y Podstawowej Nr 1 im. Juliana Tuwima w Paj\u0119cznie wraz ze swoimi Paniami. Pani Ola wprowadzi\u0142a dzieci w \u015bwiat ta\u0144ca. Sama o sobie powiedzia\u0142a , \u017ce taniec to jej pasja, a muzyka nap\u0119dza j\u0105 do dzia\u0142ania. Uczniowie dowiedzieli si\u0119, jakie cechy i umiej\u0119tno\u015bci powinien posiada\u0107 instruktor ta\u0144ca, po co dzieciom taniec, jakie stroje ma tancerz, ile musi \u0107wiczy\u0107. Pyta\u0144 by\u0142o wiele! Uczniowie obejrzeli tak\u017ce prezentacj\u0119 przygotowan\u0105 przez Pani\u0105 Aleksandr\u0119, a po teorii nast\u0105pi\u0142a cz\u0119\u015b\u0107 praktyczna \u2013 uczniowie poznali podstawowe kroki w walcu angielskim i sambie, by\u0142y r\u00f3wnie\u017c elementy baletu. Wiedza teoretyczna i praktyczna, kt\u00f3r\u0105 zaprezentowa\u0142a nam Pani Aleksandra oraz \u015bwietny podk\u0142ad muzyczny bardzo si\u0119 dzieciom podoba\u0142. Mo\u017ce po tych zaj\u0119ciach dzieci rozpoczn\u0105 swoj\u0105 przygod\u0119 z ta\u0144cem?, kto wie? Endorfiny, psychomotoryka, pami\u0119\u0107, dyscyplina, otwarto\u015b\u0107, nowe znajomo\u015bci &#8211; to wszystko mo\u017ce zapewni\u0107 nam taniec, o czym m\u00f3wi\u0142 dzieciom nasz go\u015b\u0107.<\/p>\n\n\n\n<p class=\"wp-block-paragraph\">&#8211; <strong>w dniu 17.10.2024 r. pod has\u0142em: \u201ePasja, motywacja, odwaga \u2013 droga do kariery?\u201d<\/strong> \u2013 odby\u0142o si\u0119 spotkanie z Pani\u0105 Maj\u0105 G\u00f3rsk\u0105, psychologiem i doradc\u0105 zawodowym z Powiatowej Poradni Psychologiczno &#8211; Pedagogicznej w Paj\u0119cznie. Uczestnikami spotkania byli uczniowie klasy V a i V b ze SP Nr 1 im. Juliana Tuwima w Paj\u0119cznie. Uczniowie wypowiadali si\u0119 na temat tego, jak rozumiej\u0105 zaw\u00f3d, karier\u0119. Dowiedzieli si\u0119, jak wa\u017cne s\u0105 umiej\u0119tno\u015bci, kt\u00f3re ka\u017cdy z nas posiada, jak je rozwija\u0107 i jak wykorzysta\u0107 w celu realizacji swoich pasji. Podczas spotkania zaprezentowano tak\u017ce uczniom ksi\u0105\u017cki &#8211; biografie os\u00f3b, kt\u00f3re posiadaj\u0105c okre\u015blone umiej\u0119tno\u015bci, osi\u0105gn\u0119\u0142y bardzo du\u017co dzi\u0119ki swojej pasji, motywacji i odwadze. Spotkanie zorganizowano w ramach realizacji NPRCz. #NPRCz<\/p>\n\n\n\n<p class=\"wp-block-paragraph\">Lekcje i zaj\u0119cia edukacyjne:<\/p>\n\n\n\n<p class=\"wp-block-paragraph\">&#8211; <strong>w dniu 15.10.2024 r. w zaj\u0119ciach \u201eMo\u017ce w przysz\u0142o\u015bci b\u0119d\u0119 \u2026- poznajemy zawody\u201d<\/strong> udzia\u0142 wzi\u0119\u0142y przedszkolaki z Oddzia\u0142u przedszkolnego ze Szko\u0142y Podstawowej Nr 1 im. Juliana Tuwima w Paj\u0119cznie. Podczas zaj\u0119\u0107 dzieci rozpoznawa\u0142y zawody przedstawione na slajdach prezentacji multimedialnej. Wypowiada\u0142y si\u0119 na temat zawod\u00f3w im znanych i czynno\u015bci jakie wykonywane s\u0105 w ka\u017cdym z nich. Ch\u0119tnie wypowiada\u0142y si\u0119 o tym, kim chcia\u0142yby by\u0107 w przysz\u0142o\u015bci. Wszyscy zgodzili si\u0119 z tym ,i\u017c najwa\u017cniejsze jest to, aby praca dawa\u0142a zadowolenie, a ka\u017cdy zaw\u00f3d jest wa\u017cny i potrzebny! By\u0142o r\u00f3wnie\u017c zwiedzanie biblioteki i zapoznanie z prac\u0105 bibliotekarki.<\/p>\n\n\n\n<p class=\"wp-block-paragraph\">&#8211; <strong>w dniu 18.10.2024 r.<\/strong> spotkali\u015bmy si\u0119 z uczniami klas \u00f3smych z ZS-P im. Jana Paw\u0142a II w Rz\u0105\u015bni, kt\u00f3rzy uczestniczyli w lekcji nt. <strong>\u201eWprowadzenie w \u015bwiat zawod\u00f3w\u201d.<\/strong><\/p>\n\n\n\n<p class=\"wp-block-paragraph\">&#8211; <strong>w dniu 22.10.2024 \u2013 w lekcji \u201eWprowadzenie w \u015bwiat zawod\u00f3w\u201d<\/strong> uczestniczyli uczniowie klasy VIII b ze SP im. Jana Brzechwy w Makowiskach. Podczas zaj\u0119\u0107 zwr\u00f3cono uwag\u0119 na zawody, kt\u00f3re zanikaj\u0105 i na to, i\u017c ich przedstawiciele wykonuj\u0105 wa\u017cn\u0105 i potrzebn\u0105 spo\u0142ecznie prac\u0119 oraz na nowe kategorie zawodowe, kt\u00f3re powstaj\u0105 w zwi\u0105zku z rozwojem cywilizacyjnym. Uczniowie poznali zawody, kt\u00f3re wg bada\u0144 ankietowych, ciesz\u0105 si\u0119 najwi\u0119kszym presti\u017cem, a kt\u00f3re najmniejszym, jakie czynniki wp\u0142ywaj\u0105 na to, i\u017c kto\u015b wybiera okre\u015blony zaw\u00f3d, jakie zawody s\u0105 dosy\u0107 specyficzne, a jakie s\u0105 nazywane zawodami przysz\u0142o\u015bci. Wskazano uczniom na znaczenie s\u0142\u00f3w: pasja, motywacja, odwaga. Zaprezentowano ksi\u0105\u017cki &#8211; biografie os\u00f3b, kt\u00f3re poprzez swoj\u0105 pasj\u0119, motywacj\u0119 i odwag\u0119 rozwin\u0119\u0142y swoj\u0105 karier\u0119 i osi\u0105gn\u0119\u0142y \u015bwiatowy sukces. Na koniec zaj\u0119\u0107 zgodnie stwierdzono, i\u017c najwa\u017cniejsze jest takie zaplanowanie swojej edukacji, aby wykonywa\u0107 zaw\u00f3d, kt\u00f3ra da nam rado\u015b\u0107 i zadowolenie &nbsp;<\/p>\n\n\n\nngg_shortcode_0_placeholder\n","protected":false},"excerpt":{"rendered":"<p>W tym roku w dniach 14-20 pa\u017adziernika odbywa\u0142 si\u0119 po raz 16. Og\u00f3lnopolski Tydzie\u0144 Kariery, kt\u00f3ry zosta\u0142 zainicjowany przez Stowarzyszenie Doradc\u00f3w Szkolnych i Zawodowych RP. Wydarzenie to odbywa si\u0119 coroczne. &#8230;<\/p>\n","protected":false},"author":1,"featured_media":681,"comment_status":"closed","ping_status":"open","sticky":false,"template":"","format":"standard","meta":{"_monsterinsights_skip_tracking":false,"ngg_post_thumbnail":0,"footnotes":""},"categories":[3],"tags":[],"class_list":["post-667","post","type-post","status-publish","format-standard","has-post-thumbnail","hentry","category-aktualnosci"],"aioseo_notices":[],"rttpg_featured_image_url":{"full":["http:\/\/filiapajeczno.bpsieradz.pl\/wp-content\/uploads\/2025\/03\/zd_11.jpg",895,750,false],"landscape":["http:\/\/filiapajeczno.bpsieradz.pl\/wp-content\/uploads\/2025\/03\/zd_11.jpg",895,750,false],"portraits":["http:\/\/filiapajeczno.bpsieradz.pl\/wp-content\/uploads\/2025\/03\/zd_11.jpg",895,750,false],"thumbnail":["http:\/\/filiapajeczno.bpsieradz.pl\/wp-content\/uploads\/2025\/03\/zd_11-150x150.jpg",150,150,true],"medium":["http:\/\/filiapajeczno.bpsieradz.pl\/wp-content\/uploads\/2025\/03\/zd_11-300x251.jpg",300,251,true],"large":["http:\/\/filiapajeczno.bpsieradz.pl\/wp-content\/uploads\/2025\/03\/zd_11.jpg",800,670,false],"1536x1536":["http:\/\/filiapajeczno.bpsieradz.pl\/wp-content\/uploads\/2025\/03\/zd_11.jpg",895,750,false],"2048x2048":["http:\/\/filiapajeczno.bpsieradz.pl\/wp-content\/uploads\/2025\/03\/zd_11.jpg",895,750,false],"onepress-blog-small":["http:\/\/filiapajeczno.bpsieradz.pl\/wp-content\/uploads\/2025\/03\/zd_11-300x150.jpg",300,150,true],"onepress-small":["http:\/\/filiapajeczno.bpsieradz.pl\/wp-content\/uploads\/2025\/03\/zd_11-480x300.jpg",480,300,true],"onepress-medium":["http:\/\/filiapajeczno.bpsieradz.pl\/wp-content\/uploads\/2025\/03\/zd_11-640x400.jpg",640,400,true]},"rttpg_author":{"display_name":"admin","author_link":"http:\/\/filiapajeczno.bpsieradz.pl\/index.php\/author\/admin\/"},"rttpg_comment":0,"rttpg_category":"<a href=\"http:\/\/filiapajeczno.bpsieradz.pl\/index.php\/category\/aktualnosci\/\" rel=\"category tag\">Aktualno\u015bci<\/a>","rttpg_excerpt":"W tym roku w dniach 14-20 pa\u017adziernika odbywa\u0142 si\u0119 po raz 16. Og\u00f3lnopolski Tydzie\u0144 Kariery, kt\u00f3ry zosta\u0142 zainicjowany przez Stowarzyszenie Doradc\u00f3w Szkolnych i Zawodowych RP. Wydarzenie to odbywa si\u0119 coroczne. ...","_links":{"self":[{"href":"http:\/\/filiapajeczno.bpsieradz.pl\/index.php\/wp-json\/wp\/v2\/posts\/667","targetHints":{"allow":["GET"]}}],"collection":[{"href":"http:\/\/filiapajeczno.bpsieradz.pl\/index.php\/wp-json\/wp\/v2\/posts"}],"about":[{"href":"http:\/\/filiapajeczno.bpsieradz.pl\/index.php\/wp-json\/wp\/v2\/types\/post"}],"author":[{"embeddable":true,"href":"http:\/\/filiapajeczno.bpsieradz.pl\/index.php\/wp-json\/wp\/v2\/users\/1"}],"replies":[{"embeddable":true,"href":"http:\/\/filiapajeczno.bpsieradz.pl\/index.php\/wp-json\/wp\/v2\/comments?post=667"}],"version-history":[{"count":1,"href":"http:\/\/filiapajeczno.bpsieradz.pl\/index.php\/wp-json\/wp\/v2\/posts\/667\/revisions"}],"predecessor-version":[{"id":682,"href":"http:\/\/filiapajeczno.bpsieradz.pl\/index.php\/wp-json\/wp\/v2\/posts\/667\/revisions\/682"}],"wp:featuredmedia":[{"embeddable":true,"href":"http:\/\/filiapajeczno.bpsieradz.pl\/index.php\/wp-json\/wp\/v2\/media\/681"}],"wp:attachment":[{"href":"http:\/\/filiapajeczno.bpsieradz.pl\/index.php\/wp-json\/wp\/v2\/media?parent=667"}],"wp:term":[{"taxonomy":"category","embeddable":true,"href":"http:\/\/filiapajeczno.bpsieradz.pl\/index.php\/wp-json\/wp\/v2\/categories?post=667"},{"taxonomy":"post_tag","embeddable":true,"href":"http:\/\/filiapajeczno.bpsieradz.pl\/index.php\/wp-json\/wp\/v2\/tags?post=667"}],"curies":[{"name":"wp","href":"https:\/\/api.w.org\/{rel}","templated":true}]}}