{"id":650,"date":"2024-11-08T11:34:18","date_gmt":"2024-11-08T11:34:18","guid":{"rendered":"http:\/\/filiapajeczno.bpsieradz.pl\/?p=650"},"modified":"2025-03-04T11:37:38","modified_gmt":"2025-03-04T11:37:38","slug":"przerwa-na-czytanie","status":"publish","type":"post","link":"http:\/\/filiapajeczno.bpsieradz.pl\/index.php\/2024\/11\/08\/przerwa-na-czytanie\/","title":{"rendered":"#Przerwa na czytanie"},"content":{"rendered":"\n<p class=\"wp-block-paragraph\">Po raz kolejny CREW\u0141 w Sieradzu Biblioteka Pedagogiczna w Sieradzu Filia w Paj\u0119cznie wzi\u0119\u0142a udzia\u0142 w akcji \u201ePrzerwa na czytanie\u201d. Jej celem jest promocja ksi\u0105\u017cki i czytelnictwa w\u015br\u00f3d dzieci. Impreza odby\u0142a si\u0119 na terenie naszej biblioteki w dniu 29.10.2024 r. Do udzia\u0142u w niej zaprosili\u015bmy grupy przedszkolne z Publicznego Przedszkola nr 2 w Paj\u0119cznie. Do udzia\u0142u w imprezie zosta\u0142y zg\u0142oszone dwie grupy przedszkolak\u00f3w &#8211; tj. 6a i 6b &#8211; latk\u00f3w.<\/p>\n\n\n\n<p class=\"wp-block-paragraph\">Przedszkolakom czytali\u015bmy wybrane opowiadania z ksi\u0105\u017cki Agnieszki No\u017cy\u0144skiej &#8211; Demianiuk pt. \u201ePomocne pojazdy\u201d z serii \u201eBajki wspierajki\u201d zakupionej z NPRCz &#8211; tj. 4 opowiadania : \u201ePracowita karetka\u201d, \u201eStrachliwy samolocik\u201d, \u201ePolicyjne urwisy, \u201eOdmieniec.\u201d Ka\u017cde z opowiada\u0144 to kr\u00f3tkie, pi\u0119kne i m\u0105dre historie, kt\u00f3re radz\u0105, jak znale\u017a\u0107 rozwi\u0105zania w ka\u017cdej, nawet bardzo trudnej sytuacji. Ich tre\u015b\u0107 odnosi si\u0119 do takich zagadnie\u0144 jak wiara w swoje umiej\u0119tno\u015bci i poczucie w\u0142asnej warto\u015bci, przezwyci\u0119\u017canie strachu, nie uleganie namowom do udzia\u0142u w niem\u0105drych i niebezpiecznych zabawach, odkrywanie swoich talent\u00f3w. Po wys\u0142uchaniu ka\u017cdego z nich dzieci bra\u0142y udzia\u0142 w zabawie &#8211; wska\u017c, spo\u015br\u00f3d modeli r\u00f3\u017cnych pojazd\u00f3w stoj\u0105cych na stoliku, model pojazdu &#8211; \u201ebohatera\u201d opowiadania. Nast\u0119pnie wypowiada\u0142y si\u0119 na temat jego tre\u015bci &#8211; kto jest bohaterem tego opowiadania, jaki pojazd, jak\u0105 prze\u017cy\u0142 przygod\u0119, jak zachowywa\u0142y si\u0119 inne pojazdy, co s\u0105dz\u0105 o takim post\u0119powaniu, czy jest ono godne na\u015bladowania, co im si\u0119 podoba\u0142o, a co nie, w post\u0119powaniu pojazd\u00f3w i jego ocena. Zwr\u00f3cono dzieciom uwag\u0119 na nauk\u0119, jaka jest zawarta w ka\u017cdym opowiadaniu. Podczas spotkania zach\u0119cono dzieci do cz\u0119stych \u201eprzerw na czytanie,\u201d gdy ju\u017c b\u0119d\u0105 sami umieli czyta\u0107, a teraz, aby czytali im doro\u015bli, gdy\u017c czytanie jest bardzo wa\u017cne i jest to super spos\u00f3b na sp\u0119dzanie wolnego czasu, a tak\u017ce na zdobywanie wiedzy i uczenie si\u0119, a ksi\u0105\u017cka jest przyjacielem ka\u017cdego dziecka. Impreza zosta\u0142a zorganizowana w ramach realizacji dzia\u0142a\u0144 z Narodowego Programu Rozwoju Czytelnictwa. #NPRCz.<\/p>\n\n\n\nngg_shortcode_0_placeholder\n","protected":false},"excerpt":{"rendered":"<p>Po raz kolejny CREW\u0141 w Sieradzu Biblioteka Pedagogiczna w Sieradzu Filia w Paj\u0119cznie wzi\u0119\u0142a udzia\u0142 w akcji \u201ePrzerwa na czytanie\u201d. Jej celem jest promocja ksi\u0105\u017cki i czytelnictwa w\u015br\u00f3d dzieci. Impreza &#8230;<\/p>\n","protected":false},"author":1,"featured_media":664,"comment_status":"closed","ping_status":"open","sticky":false,"template":"","format":"standard","meta":{"_monsterinsights_skip_tracking":false,"ngg_post_thumbnail":0,"footnotes":""},"categories":[3],"tags":[],"class_list":["post-650","post","type-post","status-publish","format-standard","has-post-thumbnail","hentry","category-aktualnosci"],"aioseo_notices":[],"rttpg_featured_image_url":{"full":["http:\/\/filiapajeczno.bpsieradz.pl\/wp-content\/uploads\/2025\/03\/zd_14.jpg",940,788,false],"landscape":["http:\/\/filiapajeczno.bpsieradz.pl\/wp-content\/uploads\/2025\/03\/zd_14.jpg",940,788,false],"portraits":["http:\/\/filiapajeczno.bpsieradz.pl\/wp-content\/uploads\/2025\/03\/zd_14.jpg",940,788,false],"thumbnail":["http:\/\/filiapajeczno.bpsieradz.pl\/wp-content\/uploads\/2025\/03\/zd_14-150x150.jpg",150,150,true],"medium":["http:\/\/filiapajeczno.bpsieradz.pl\/wp-content\/uploads\/2025\/03\/zd_14-300x251.jpg",300,251,true],"large":["http:\/\/filiapajeczno.bpsieradz.pl\/wp-content\/uploads\/2025\/03\/zd_14.jpg",800,671,false],"1536x1536":["http:\/\/filiapajeczno.bpsieradz.pl\/wp-content\/uploads\/2025\/03\/zd_14.jpg",940,788,false],"2048x2048":["http:\/\/filiapajeczno.bpsieradz.pl\/wp-content\/uploads\/2025\/03\/zd_14.jpg",940,788,false],"onepress-blog-small":["http:\/\/filiapajeczno.bpsieradz.pl\/wp-content\/uploads\/2025\/03\/zd_14-300x150.jpg",300,150,true],"onepress-small":["http:\/\/filiapajeczno.bpsieradz.pl\/wp-content\/uploads\/2025\/03\/zd_14-480x300.jpg",480,300,true],"onepress-medium":["http:\/\/filiapajeczno.bpsieradz.pl\/wp-content\/uploads\/2025\/03\/zd_14-640x400.jpg",640,400,true]},"rttpg_author":{"display_name":"admin","author_link":"http:\/\/filiapajeczno.bpsieradz.pl\/index.php\/author\/admin\/"},"rttpg_comment":0,"rttpg_category":"<a href=\"http:\/\/filiapajeczno.bpsieradz.pl\/index.php\/category\/aktualnosci\/\" rel=\"category tag\">Aktualno\u015bci<\/a>","rttpg_excerpt":"Po raz kolejny CREW\u0141 w Sieradzu Biblioteka Pedagogiczna w Sieradzu Filia w Paj\u0119cznie wzi\u0119\u0142a udzia\u0142 w akcji \u201ePrzerwa na czytanie\u201d. Jej celem jest promocja ksi\u0105\u017cki i czytelnictwa w\u015br\u00f3d dzieci. Impreza ...","_links":{"self":[{"href":"http:\/\/filiapajeczno.bpsieradz.pl\/index.php\/wp-json\/wp\/v2\/posts\/650","targetHints":{"allow":["GET"]}}],"collection":[{"href":"http:\/\/filiapajeczno.bpsieradz.pl\/index.php\/wp-json\/wp\/v2\/posts"}],"about":[{"href":"http:\/\/filiapajeczno.bpsieradz.pl\/index.php\/wp-json\/wp\/v2\/types\/post"}],"author":[{"embeddable":true,"href":"http:\/\/filiapajeczno.bpsieradz.pl\/index.php\/wp-json\/wp\/v2\/users\/1"}],"replies":[{"embeddable":true,"href":"http:\/\/filiapajeczno.bpsieradz.pl\/index.php\/wp-json\/wp\/v2\/comments?post=650"}],"version-history":[{"count":1,"href":"http:\/\/filiapajeczno.bpsieradz.pl\/index.php\/wp-json\/wp\/v2\/posts\/650\/revisions"}],"predecessor-version":[{"id":665,"href":"http:\/\/filiapajeczno.bpsieradz.pl\/index.php\/wp-json\/wp\/v2\/posts\/650\/revisions\/665"}],"wp:featuredmedia":[{"embeddable":true,"href":"http:\/\/filiapajeczno.bpsieradz.pl\/index.php\/wp-json\/wp\/v2\/media\/664"}],"wp:attachment":[{"href":"http:\/\/filiapajeczno.bpsieradz.pl\/index.php\/wp-json\/wp\/v2\/media?parent=650"}],"wp:term":[{"taxonomy":"category","embeddable":true,"href":"http:\/\/filiapajeczno.bpsieradz.pl\/index.php\/wp-json\/wp\/v2\/categories?post=650"},{"taxonomy":"post_tag","embeddable":true,"href":"http:\/\/filiapajeczno.bpsieradz.pl\/index.php\/wp-json\/wp\/v2\/tags?post=650"}],"curies":[{"name":"wp","href":"https:\/\/api.w.org\/{rel}","templated":true}]}}