{"id":627,"date":"2024-11-22T11:21:28","date_gmt":"2024-11-22T11:21:28","guid":{"rendered":"http:\/\/filiapajeczno.bpsieradz.pl\/?p=627"},"modified":"2025-03-04T11:25:06","modified_gmt":"2025-03-04T11:25:06","slug":"czy-znasz-czy-wiesz-powiatowy-konkurs-czytelniczy-2","status":"publish","type":"post","link":"http:\/\/filiapajeczno.bpsieradz.pl\/index.php\/2024\/11\/22\/czy-znasz-czy-wiesz-powiatowy-konkurs-czytelniczy-2\/","title":{"rendered":"&#8222;Czy znasz?, czy wiesz?&#8221; &#8211; powiatowy Konkurs czytelniczy"},"content":{"rendered":"\n<p class=\"wp-block-paragraph\">&#8222;Czy znasz?, czy wiesz?&#8221; &#8211; powiatowy konkurs czytelniczy w CREW\u0141 w Sieradzu Biblioteka Pedagogiczna w Sieradzu Filia w Paj\u0119cznie realizowany w ramach dzia\u0142a\u0144 z Narodowego Programu Rozwoju Czytelnictwa 2.0 na lata 2021-2025. W dniu 21.11.2024 r. odby\u0142 si\u0119 w naszej plac\u00f3wce etap II &#8211; fina\u0142owy, Powiatowego konkursu czytelniczego &#8222;Czy znasz ?, czy wiesz ?&#8221;, kt\u00f3ry by\u0142 adresowany do uczni\u00f3w klas V-VIII szk\u00f3\u0142 podstawowych z terenu powiatu paj\u0119cza\u0144skiego. Przedmiotem konkursu by\u0142a znajomo\u015b\u0107 tre\u015bci czterech ksi\u0105\u017cek tj. &#8222;Kolorowy szalik&#8221; Barbary Kosmowskiej, &#8222;Ma\u0142y ksi\u0105\u017c\u0119&#8221; Antoine de Saint-Exup\u00e9ry, &#8222;Stary cz\u0142owiek i morze&#8221; Ernesta Hemingweya i &#8222;Oskar i Pani R\u00f3\u017ca&#8221; \u00c9rica-Emmanuela Schmitta. Cel konkursu to &#8211; szerzenie kultury ksi\u0105\u017cki, rozbudzanie zainteresowa\u0144 literatur\u0105, promocja czytelnictwa, utrwalanie nawyku obcowania z ksi\u0105\u017ck\u0105, a wyb\u00f3r lektur konkursowych nawi\u0105zuje do Priorytetu 3 na rok szkolny 2024\/25 w ramach dzia\u0142a\u0144 Podstawowe kierunki realizacji polityki o\u015bwiatowej pa\u0144stwa w roku szkolnym 2024\/2025.<\/p>\n\n\n\n<p class=\"wp-block-paragraph\">Etap I &#8211; eliminacje, odby\u0142 si\u0119 w macierzystych szko\u0142ach uczni\u00f3w. Ka\u017cda plac\u00f3wka mog\u0142a zg\u0142osi\u0107 do II etapu 3-4 uczni\u00f3w. Og\u00f3\u0142em zg\u0142oszono 44 uczni\u00f3w z 12. szk\u00f3\u0142 podstawowych tj. ze SP w Bia\u0142ej, Rz\u0105\u015bni ( gm. Rz\u0105\u015bnia), Chorzewie (gm. Kie\u0142czyg\u0142\u00f3w), Wiewcu, Zamo\u015bciu (gm. Strzelce Wielkie), Nowej Brze\u017anicy (gm. Nowa Brze\u017anica), Makowisk, SP nr 1 w Paj\u0119cznie (gm. Paj\u0119czno), Siemkowic (gm. Siemkowice), Raciszyna, Tr\u0119baczewa, Dzia\u0142oszyna (gm. Dzia\u0142oszyn). Ostatecznie udzia\u0142 wzi\u0119\u0142o 41 uczni\u00f3w. Uczniowie po wylosowaniu stanowisk, kt\u00f3re rozlokowane by\u0142y w r\u00f3\u017cnych miejscach biblioteki, zmierzyli si\u0119 z trudnym testem wiedzy nt. znajomo\u015bci tre\u015bci konkursowych lektur i musieli odpowiedzie\u0107 na 118 pyta\u0144! Oczywi\u015bcie w ograniczonym czasie 45 minut! Jeste\u015bmy pod ogromnym wra\u017ceniem zaanga\u017cowania uczni\u00f3w i nauczycieli. Dzi\u0119kujemy nauczycielom za zach\u0119cenie uczni\u00f3w do udzia\u0142u w konkursie, po\u015bwi\u0119cony czas na ich przygotowanie, zorganizowanie przyjazdu do Biblioteki Pedagogicznej w Paj\u0119cznie, a uczniom za ch\u0119ci, udzia\u0142 i czas po\u015bwi\u0119cony na lektur\u0119 konkursow\u0105. Komisja wkr\u00f3tce rozpocznie sprawdzanie prac, a o wynikach i uroczystym wr\u0119czeniu nagr\u00f3d zawiadomimy szko\u0142y bior\u0105ce udzia\u0142 w konkursie.<\/p>\n\n\n\n<p class=\"wp-block-paragraph\">Dofinansowano ze \u015brodk\u00f3w finansowych Ministerstwa Kultury i Dziedzictwa Narodowego w ramach realizacji Narodowego Programu Rozwoju Czytelnictwa 2.0 na lata 2021-2025 \u2013 Priorytet 3 &#8211; kierunek interwencji 3.2. Zakup nowo\u015bci wydawniczych oraz element\u00f3w wyposa\u017cenia do bibliotek szkolnych i pedagogicznych. #NPRCz<\/p>\n\n\n\nngg_shortcode_0_placeholder\n\n\n\n<p class=\"wp-block-paragraph\"><\/p>\n","protected":false},"excerpt":{"rendered":"<p>&#8222;Czy znasz?, czy wiesz?&#8221; &#8211; powiatowy konkurs czytelniczy w CREW\u0141 w Sieradzu Biblioteka Pedagogiczna w Sieradzu Filia w Paj\u0119cznie realizowany w ramach dzia\u0142a\u0144 z Narodowego Programu Rozwoju Czytelnictwa 2.0 na &#8230;<\/p>\n","protected":false},"author":1,"featured_media":647,"comment_status":"closed","ping_status":"open","sticky":false,"template":"","format":"standard","meta":{"_monsterinsights_skip_tracking":false,"ngg_post_thumbnail":0,"footnotes":""},"categories":[3],"tags":[],"class_list":["post-627","post","type-post","status-publish","format-standard","has-post-thumbnail","hentry","category-aktualnosci"],"aioseo_notices":[],"rttpg_featured_image_url":{"full":["http:\/\/filiapajeczno.bpsieradz.pl\/wp-content\/uploads\/2025\/03\/powiatowy_konkurs_czytelniczy_19.jpg",530,750,false],"landscape":["http:\/\/filiapajeczno.bpsieradz.pl\/wp-content\/uploads\/2025\/03\/powiatowy_konkurs_czytelniczy_19.jpg",530,750,false],"portraits":["http:\/\/filiapajeczno.bpsieradz.pl\/wp-content\/uploads\/2025\/03\/powiatowy_konkurs_czytelniczy_19.jpg",530,750,false],"thumbnail":["http:\/\/filiapajeczno.bpsieradz.pl\/wp-content\/uploads\/2025\/03\/powiatowy_konkurs_czytelniczy_19-150x150.jpg",150,150,true],"medium":["http:\/\/filiapajeczno.bpsieradz.pl\/wp-content\/uploads\/2025\/03\/powiatowy_konkurs_czytelniczy_19-212x300.jpg",212,300,true],"large":["http:\/\/filiapajeczno.bpsieradz.pl\/wp-content\/uploads\/2025\/03\/powiatowy_konkurs_czytelniczy_19.jpg",530,750,false],"1536x1536":["http:\/\/filiapajeczno.bpsieradz.pl\/wp-content\/uploads\/2025\/03\/powiatowy_konkurs_czytelniczy_19.jpg",530,750,false],"2048x2048":["http:\/\/filiapajeczno.bpsieradz.pl\/wp-content\/uploads\/2025\/03\/powiatowy_konkurs_czytelniczy_19.jpg",530,750,false],"onepress-blog-small":["http:\/\/filiapajeczno.bpsieradz.pl\/wp-content\/uploads\/2025\/03\/powiatowy_konkurs_czytelniczy_19-300x150.jpg",300,150,true],"onepress-small":["http:\/\/filiapajeczno.bpsieradz.pl\/wp-content\/uploads\/2025\/03\/powiatowy_konkurs_czytelniczy_19-480x300.jpg",480,300,true],"onepress-medium":["http:\/\/filiapajeczno.bpsieradz.pl\/wp-content\/uploads\/2025\/03\/powiatowy_konkurs_czytelniczy_19-530x400.jpg",530,400,true]},"rttpg_author":{"display_name":"admin","author_link":"http:\/\/filiapajeczno.bpsieradz.pl\/index.php\/author\/admin\/"},"rttpg_comment":0,"rttpg_category":"<a href=\"http:\/\/filiapajeczno.bpsieradz.pl\/index.php\/category\/aktualnosci\/\" rel=\"category tag\">Aktualno\u015bci<\/a>","rttpg_excerpt":"&#8222;Czy znasz?, czy wiesz?&#8221; &#8211; powiatowy konkurs czytelniczy w CREW\u0141 w Sieradzu Biblioteka Pedagogiczna w Sieradzu Filia w Paj\u0119cznie realizowany w ramach dzia\u0142a\u0144 z Narodowego Programu Rozwoju Czytelnictwa 2.0 na ...","_links":{"self":[{"href":"http:\/\/filiapajeczno.bpsieradz.pl\/index.php\/wp-json\/wp\/v2\/posts\/627","targetHints":{"allow":["GET"]}}],"collection":[{"href":"http:\/\/filiapajeczno.bpsieradz.pl\/index.php\/wp-json\/wp\/v2\/posts"}],"about":[{"href":"http:\/\/filiapajeczno.bpsieradz.pl\/index.php\/wp-json\/wp\/v2\/types\/post"}],"author":[{"embeddable":true,"href":"http:\/\/filiapajeczno.bpsieradz.pl\/index.php\/wp-json\/wp\/v2\/users\/1"}],"replies":[{"embeddable":true,"href":"http:\/\/filiapajeczno.bpsieradz.pl\/index.php\/wp-json\/wp\/v2\/comments?post=627"}],"version-history":[{"count":2,"href":"http:\/\/filiapajeczno.bpsieradz.pl\/index.php\/wp-json\/wp\/v2\/posts\/627\/revisions"}],"predecessor-version":[{"id":649,"href":"http:\/\/filiapajeczno.bpsieradz.pl\/index.php\/wp-json\/wp\/v2\/posts\/627\/revisions\/649"}],"wp:featuredmedia":[{"embeddable":true,"href":"http:\/\/filiapajeczno.bpsieradz.pl\/index.php\/wp-json\/wp\/v2\/media\/647"}],"wp:attachment":[{"href":"http:\/\/filiapajeczno.bpsieradz.pl\/index.php\/wp-json\/wp\/v2\/media?parent=627"}],"wp:term":[{"taxonomy":"category","embeddable":true,"href":"http:\/\/filiapajeczno.bpsieradz.pl\/index.php\/wp-json\/wp\/v2\/categories?post=627"},{"taxonomy":"post_tag","embeddable":true,"href":"http:\/\/filiapajeczno.bpsieradz.pl\/index.php\/wp-json\/wp\/v2\/tags?post=627"}],"curies":[{"name":"wp","href":"https:\/\/api.w.org\/{rel}","templated":true}]}}