{"id":601,"date":"2024-12-17T10:35:00","date_gmt":"2024-12-17T10:35:00","guid":{"rendered":"http:\/\/filiapajeczno.bpsieradz.pl\/?p=601"},"modified":"2025-03-04T10:39:57","modified_gmt":"2025-03-04T10:39:57","slug":"czy-znasz-czy-wiesz-powiatowy-konkurs-czytelniczy","status":"publish","type":"post","link":"http:\/\/filiapajeczno.bpsieradz.pl\/index.php\/2024\/12\/17\/czy-znasz-czy-wiesz-powiatowy-konkurs-czytelniczy\/","title":{"rendered":"\u201eCzy znasz?, czy wiesz?\u201d \u2013 powiatowy Konkurs czytelniczy"},"content":{"rendered":"\n<p class=\"wp-block-paragraph\">W dniu 11.12.2024 r. w CREW\u0141 w Sieradzu Biblioteka Pedagogiczna w Sieradzu Filia w Paj\u0119cznie odby\u0142o si\u0119 uroczyste zako\u0144czenie i podsumowanie powiatowego konkursu czytelniczego pt. \u201eCzy znasz?, czy wiesz ?\u201d, kt\u00f3ry by\u0142 adresowany do uczni\u00f3w klas V \u2013 VIII szk\u00f3\u0142 podstawowych z terenu powiatu paj\u0119cza\u0144skiego. W dniu 21.11.2024 r. uczniowie finali\u015bci eliminacji szkolnych zmagali si\u0119 z pytaniami konkursowymi nt. znajomo\u015bci tre\u015bci 4 wybranych ksi\u0105\u017cek, a dzi\u015b laureaci konkursu przybyli po odbi\u00f3r dyplom\u00f3w i nagr\u00f3d \u2013 ksi\u0105\u017cek. Go\u015bciem uroczystego podsumowania konkursu by\u0142a Pani Daniela Danielewska \u2013 Matusiak, wicedyrektor Centrum Rozwoju Edukacji Wojew\u00f3dztwa \u0141\u00f3dzkiego w Sieradzu, kt\u00f3ra uczniom laureatom wr\u0119czy\u0142a dyplomy i nagrody.<\/p>\n\n\n\n<p class=\"wp-block-paragraph\">Pani wicedyrektor podzi\u0119kowa\u0142a tak\u017ce nauczycielom za zaanga\u017cowanie i zach\u0119cenie uczni\u00f3w do udzia\u0142u w konkursie a uczniom pogratulowa\u0142a wiedzy, a tym samym osi\u0105gni\u0119tych wynik\u00f3w. Biblioteka Pedagogiczna w Paj\u0119cznie tak\u017ce, jako organizator, dzi\u0119kuje wszystkim uczestnikom konkursu za udzia\u0142, a uczniom laureatom i ich opiekunom gratulujemy! Konkurs zosta\u0142 zorganizowany i dofinansowany w ramach realizacji dzia\u0142a\u0144 z \u201eNarodowego Programu Rozwoju Czytelnictwa 2.0. na lata 2021-2025\u201d \u2013 Priorytet 3 &#8211; Kierunek interwencji 3.2. Zakup nowo\u015bci wydawniczych oraz element\u00f3w wyposa\u017cenia do bibliotek szkolnych i pedagogicznych. Komisja konkursowa po sprawdzeniu arkuszy z testem wiedzy wy\u0142oni\u0142a 16 laureat\u00f3w przyznaj\u0105c miejsca I-III ( 4 osoby) za uzyskanie od 108 do 113 punkt\u00f3w i 12 wyr\u00f3\u017cnie\u0144 tym uczniom, kt\u00f3rzy uzyskali 95 punkt\u00f3w i powy\u017cej.<\/p>\n\n\n\n<p class=\"wp-block-paragraph\"><strong>WYNIKI KONKURSU:<\/strong><\/p>\n\n\n\n<ul class=\"wp-block-list\">\n<li>1 miejsce: Lena Dusza kl. VIII a Zesp\u00f3\u0142 Szkolno-Przedszkolny im. Jana Paw\u0142a II w Rz\u0105\u015bni<\/li>\n\n\n\n<li>2 miejsce: Kinga \u017buber kl. VIII a Zesp\u00f3\u0142 Szkolno-Przedszkolny im. Jana Paw\u0142a II w Rz\u0105\u015bni<\/li>\n\n\n\n<li>3 miejsce &#8211; ex aequo: Agnieszka Drab kl. VIII b Szko\u0142a Podstawowa im. \u015aw. Jana Paw\u0142a II w Dzia\u0142oszynie<\/li>\n\n\n\n<li>Hubert Napieraj kl. VI Zesp\u00f3\u0142 Szkolno-Przedszkolny im. Marii Konopnickiej w Raciszynie<\/li>\n<\/ul>\n\n\n\n<p class=\"wp-block-paragraph\"><strong>WYR\u00d3\u017bNIENIA:<\/strong><\/p>\n\n\n\n<ul class=\"wp-block-list\">\n<li>Dominika Jakubowska kl. VI Szko\u0142a Podstawowa w Wiewcu <\/li>\n\n\n\n<li>Kamil Szcz\u0119sny kl. VI b Szko\u0142a Podstawowa nr 2 im. Polskich Noblist\u00f3w w Paj\u0119cznie<\/li>\n\n\n\n<li>Julia B\u0119ben kl. VIII Szko\u0142a Podstawowa im. Marcina Bielskiego w Bia\u0142ej<\/li>\n\n\n\n<li>Karolina Paj\u0105k kl. VIII Szko\u0142a Podstawowa im. Marcina Bielskiego w Bia\u0142ej<\/li>\n\n\n\n<li>Zuzanna Gaik kl. VIII Szko\u0142a Podstawowa w Chorzewie<\/li>\n\n\n\n<li>Kacper Filak kl. VI Szko\u0142a Podstawowa im. Stefana \u017beromskiego w Zamo\u015bciu<\/li>\n\n\n\n<li>Lena Kamyk kl. VI Publiczna Szko\u0142a Podstawowa im. Kornela Makuszy\u0144skiego w Siemkowicach<\/li>\n\n\n\n<li>Milena Posak kl. VIII b Zesp\u00f3\u0142 Szkolno-Przedszkolny w Nowej Brze\u017anicy<\/li>\n\n\n\n<li>Lena K\u0119so\u0144 kl. VII b Zesp\u00f3\u0142 Szkolno-Przedszkolny w Nowej Brze\u017anicy<\/li>\n\n\n\n<li>Oliwier Bednarski kl. Zesp\u00f3\u0142 Szkolno-Przedszkolny w Nowej Brze\u017anicy<\/li>\n\n\n\n<li>Maria Leszczyk kl. VIII a Zesp\u00f3\u0142 Szkolno-Przedszkolny im. Ks. Jana Twardowskiego w Tr\u0119baczewie<\/li>\n\n\n\n<li>Kacper Leszczyk kl. VIII d Szko\u0142a Podstawowa im. \u015aw. Jana Paw\u0142a II w Dzia\u0142oszynie<\/li>\n<\/ul>\n\n\n\n<p class=\"has-text-align-right wp-block-paragraph\">GRATULUJEMY!<\/p>\n\n\n\nngg_shortcode_0_placeholder\n","protected":false},"excerpt":{"rendered":"<p>W dniu 11.12.2024 r. w CREW\u0141 w Sieradzu Biblioteka Pedagogiczna w Sieradzu Filia w Paj\u0119cznie odby\u0142o si\u0119 uroczyste zako\u0144czenie i podsumowanie powiatowego konkursu czytelniczego pt. \u201eCzy znasz?, czy wiesz ?\u201d, &#8230;<\/p>\n","protected":false},"author":1,"featured_media":625,"comment_status":"closed","ping_status":"open","sticky":false,"template":"","format":"standard","meta":{"_monsterinsights_skip_tracking":false,"ngg_post_thumbnail":0,"footnotes":""},"categories":[3],"tags":[],"class_list":["post-601","post","type-post","status-publish","format-standard","has-post-thumbnail","hentry","category-aktualnosci"],"aioseo_notices":[],"rttpg_featured_image_url":{"full":["http:\/\/filiapajeczno.bpsieradz.pl\/wp-content\/uploads\/2025\/03\/Czy_wiesz_06.jpg",974,750,false],"landscape":["http:\/\/filiapajeczno.bpsieradz.pl\/wp-content\/uploads\/2025\/03\/Czy_wiesz_06.jpg",974,750,false],"portraits":["http:\/\/filiapajeczno.bpsieradz.pl\/wp-content\/uploads\/2025\/03\/Czy_wiesz_06.jpg",974,750,false],"thumbnail":["http:\/\/filiapajeczno.bpsieradz.pl\/wp-content\/uploads\/2025\/03\/Czy_wiesz_06-150x150.jpg",150,150,true],"medium":["http:\/\/filiapajeczno.bpsieradz.pl\/wp-content\/uploads\/2025\/03\/Czy_wiesz_06-300x231.jpg",300,231,true],"large":["http:\/\/filiapajeczno.bpsieradz.pl\/wp-content\/uploads\/2025\/03\/Czy_wiesz_06.jpg",800,616,false],"1536x1536":["http:\/\/filiapajeczno.bpsieradz.pl\/wp-content\/uploads\/2025\/03\/Czy_wiesz_06.jpg",974,750,false],"2048x2048":["http:\/\/filiapajeczno.bpsieradz.pl\/wp-content\/uploads\/2025\/03\/Czy_wiesz_06.jpg",974,750,false],"onepress-blog-small":["http:\/\/filiapajeczno.bpsieradz.pl\/wp-content\/uploads\/2025\/03\/Czy_wiesz_06-300x150.jpg",300,150,true],"onepress-small":["http:\/\/filiapajeczno.bpsieradz.pl\/wp-content\/uploads\/2025\/03\/Czy_wiesz_06-480x300.jpg",480,300,true],"onepress-medium":["http:\/\/filiapajeczno.bpsieradz.pl\/wp-content\/uploads\/2025\/03\/Czy_wiesz_06-640x400.jpg",640,400,true]},"rttpg_author":{"display_name":"admin","author_link":"http:\/\/filiapajeczno.bpsieradz.pl\/index.php\/author\/admin\/"},"rttpg_comment":0,"rttpg_category":"<a href=\"http:\/\/filiapajeczno.bpsieradz.pl\/index.php\/category\/aktualnosci\/\" rel=\"category tag\">Aktualno\u015bci<\/a>","rttpg_excerpt":"W dniu 11.12.2024 r. w CREW\u0141 w Sieradzu Biblioteka Pedagogiczna w Sieradzu Filia w Paj\u0119cznie odby\u0142o si\u0119 uroczyste zako\u0144czenie i podsumowanie powiatowego konkursu czytelniczego pt. \u201eCzy znasz?, czy wiesz ?\u201d, ...","_links":{"self":[{"href":"http:\/\/filiapajeczno.bpsieradz.pl\/index.php\/wp-json\/wp\/v2\/posts\/601","targetHints":{"allow":["GET"]}}],"collection":[{"href":"http:\/\/filiapajeczno.bpsieradz.pl\/index.php\/wp-json\/wp\/v2\/posts"}],"about":[{"href":"http:\/\/filiapajeczno.bpsieradz.pl\/index.php\/wp-json\/wp\/v2\/types\/post"}],"author":[{"embeddable":true,"href":"http:\/\/filiapajeczno.bpsieradz.pl\/index.php\/wp-json\/wp\/v2\/users\/1"}],"replies":[{"embeddable":true,"href":"http:\/\/filiapajeczno.bpsieradz.pl\/index.php\/wp-json\/wp\/v2\/comments?post=601"}],"version-history":[{"count":1,"href":"http:\/\/filiapajeczno.bpsieradz.pl\/index.php\/wp-json\/wp\/v2\/posts\/601\/revisions"}],"predecessor-version":[{"id":626,"href":"http:\/\/filiapajeczno.bpsieradz.pl\/index.php\/wp-json\/wp\/v2\/posts\/601\/revisions\/626"}],"wp:featuredmedia":[{"embeddable":true,"href":"http:\/\/filiapajeczno.bpsieradz.pl\/index.php\/wp-json\/wp\/v2\/media\/625"}],"wp:attachment":[{"href":"http:\/\/filiapajeczno.bpsieradz.pl\/index.php\/wp-json\/wp\/v2\/media?parent=601"}],"wp:term":[{"taxonomy":"category","embeddable":true,"href":"http:\/\/filiapajeczno.bpsieradz.pl\/index.php\/wp-json\/wp\/v2\/categories?post=601"},{"taxonomy":"post_tag","embeddable":true,"href":"http:\/\/filiapajeczno.bpsieradz.pl\/index.php\/wp-json\/wp\/v2\/tags?post=601"}],"curies":[{"name":"wp","href":"https:\/\/api.w.org\/{rel}","templated":true}]}}