{"id":581,"date":"2025-03-04T10:18:51","date_gmt":"2025-03-04T10:18:51","guid":{"rendered":"http:\/\/filiapajeczno.bpsieradz.pl\/?p=581"},"modified":"2025-03-04T10:28:37","modified_gmt":"2025-03-04T10:28:37","slug":"nowe-ksiazki-i-wsparcie-dzieki-narodowemu-programowi-rozwoju-czytelnictwa","status":"publish","type":"post","link":"http:\/\/filiapajeczno.bpsieradz.pl\/index.php\/2025\/03\/04\/nowe-ksiazki-i-wsparcie-dzieki-narodowemu-programowi-rozwoju-czytelnictwa\/","title":{"rendered":"Nowe ksi\u0105\u017cki i wsparcie dzi\u0119ki Narodowemu Programowi Rozwoju Czytelnictwa"},"content":{"rendered":"\n<p class=\"wp-block-paragraph\"><\/p>\n\n\n\n<p class=\"wp-block-paragraph\"><a target=\"_blank\" rel=\"noreferrer noopener\" href=\"http:\/\/filiapajeczno.bpsieradz.pl\/cache\/800x800__images_2025_NPRCz_wystawa_05.jpg\"><\/a>CREW\u0141 w Sieradzu Biblioteka Pedagogiczna w Sieradzu Filia w Paj\u0119cznie realizuje Narodowy Program Rozwoju Czytelnictwa 2.0 na lata 2021-2025 \u2013 Priorytet 3 \u2013 kierunek interwencji 3.2. Zakup nowo\u015bci wydawniczych oraz element\u00f3w wyposa\u017cenia do bibliotek szkolnych i pedagogicznych. Pozyskali\u015bmy kwot\u0119 3.750 z\u0142.<\/p>\n\n\n\n<p class=\"wp-block-paragraph\">Z tego tytu\u0142u zakupili\u015bmy m.in. 99 ksi\u0105\u017cek (w tym 16 na nagrody konkursowe w ramach promocji czytelnictwa). Zakupione ksi\u0105\u017cki s\u0142u\u017c\u0105ce promocji czytelnictwa znacznie wzbogaci\u0142y nasze zbiory. Wiele z nich ju\u017c znalaz\u0142o swojego czytelnika! Biblioteka zakupi\u0142a r\u00f3wnie\u017c nowe wydania ksi\u0105\u017cek z serii Wielka Litera, z du\u017c\u0105 czcionk\u0105, kt\u00f3re u\u0142atwiaj\u0105 czytanie osobom z dysfunkcjami wzroku. Zapraszamy do wypo\u017cycze\u0144!<br>Dofinansowano ze \u015brodk\u00f3w finansowych Ministerstwa Kultury i Dziedzictwa Narodowego w ramach realizacji Narodowego Programu Rozwoju Czytelnictwa 2.0 na lata 2021-2025 \u2013 Priorytet 3-kierunek interwencji 3.2. Zakup nowo\u015bci wydawniczych oraz element\u00f3w wyposa\u017cenia do bibliotek szkolnych i pedagogicznych.<\/p>\n\n\n\n<p class=\"wp-block-paragraph\">@Narodowy Program Rozwoju Czytelnictwa 2.0<br>@Ministerstwo Kultury i Dziedzictwa Narodowego<br>@Ministerstwo Edukacji Narodowej &nbsp;<\/p>\n\n\n\nngg_shortcode_0_placeholder\n","protected":false},"excerpt":{"rendered":"<p>CREW\u0141 w Sieradzu Biblioteka Pedagogiczna w Sieradzu Filia w Paj\u0119cznie realizuje Narodowy Program Rozwoju Czytelnictwa 2.0 na lata 2021-2025 \u2013 Priorytet 3 \u2013 kierunek interwencji 3.2. Zakup nowo\u015bci wydawniczych oraz &#8230;<\/p>\n","protected":false},"author":1,"featured_media":597,"comment_status":"closed","ping_status":"open","sticky":false,"template":"","format":"standard","meta":{"_monsterinsights_skip_tracking":false,"ngg_post_thumbnail":0,"footnotes":""},"categories":[3],"tags":[],"class_list":["post-581","post","type-post","status-publish","format-standard","has-post-thumbnail","hentry","category-aktualnosci"],"aioseo_notices":[],"rttpg_featured_image_url":{"full":["http:\/\/filiapajeczno.bpsieradz.pl\/wp-content\/uploads\/2025\/03\/wystawa_05.jpg",1318,750,false],"landscape":["http:\/\/filiapajeczno.bpsieradz.pl\/wp-content\/uploads\/2025\/03\/wystawa_05.jpg",1318,750,false],"portraits":["http:\/\/filiapajeczno.bpsieradz.pl\/wp-content\/uploads\/2025\/03\/wystawa_05.jpg",1318,750,false],"thumbnail":["http:\/\/filiapajeczno.bpsieradz.pl\/wp-content\/uploads\/2025\/03\/wystawa_05-150x150.jpg",150,150,true],"medium":["http:\/\/filiapajeczno.bpsieradz.pl\/wp-content\/uploads\/2025\/03\/wystawa_05-300x171.jpg",300,171,true],"large":["http:\/\/filiapajeczno.bpsieradz.pl\/wp-content\/uploads\/2025\/03\/wystawa_05-1024x583.jpg",800,455,true],"1536x1536":["http:\/\/filiapajeczno.bpsieradz.pl\/wp-content\/uploads\/2025\/03\/wystawa_05.jpg",1318,750,false],"2048x2048":["http:\/\/filiapajeczno.bpsieradz.pl\/wp-content\/uploads\/2025\/03\/wystawa_05.jpg",1318,750,false],"onepress-blog-small":["http:\/\/filiapajeczno.bpsieradz.pl\/wp-content\/uploads\/2025\/03\/wystawa_05-300x150.jpg",300,150,true],"onepress-small":["http:\/\/filiapajeczno.bpsieradz.pl\/wp-content\/uploads\/2025\/03\/wystawa_05-480x300.jpg",480,300,true],"onepress-medium":["http:\/\/filiapajeczno.bpsieradz.pl\/wp-content\/uploads\/2025\/03\/wystawa_05-640x400.jpg",640,400,true]},"rttpg_author":{"display_name":"admin","author_link":"http:\/\/filiapajeczno.bpsieradz.pl\/index.php\/author\/admin\/"},"rttpg_comment":0,"rttpg_category":"<a href=\"http:\/\/filiapajeczno.bpsieradz.pl\/index.php\/category\/aktualnosci\/\" rel=\"category tag\">Aktualno\u015bci<\/a>","rttpg_excerpt":"CREW\u0141 w Sieradzu Biblioteka Pedagogiczna w Sieradzu Filia w Paj\u0119cznie realizuje Narodowy Program Rozwoju Czytelnictwa 2.0 na lata 2021-2025 \u2013 Priorytet 3 \u2013 kierunek interwencji 3.2. Zakup nowo\u015bci wydawniczych oraz ...","_links":{"self":[{"href":"http:\/\/filiapajeczno.bpsieradz.pl\/index.php\/wp-json\/wp\/v2\/posts\/581","targetHints":{"allow":["GET"]}}],"collection":[{"href":"http:\/\/filiapajeczno.bpsieradz.pl\/index.php\/wp-json\/wp\/v2\/posts"}],"about":[{"href":"http:\/\/filiapajeczno.bpsieradz.pl\/index.php\/wp-json\/wp\/v2\/types\/post"}],"author":[{"embeddable":true,"href":"http:\/\/filiapajeczno.bpsieradz.pl\/index.php\/wp-json\/wp\/v2\/users\/1"}],"replies":[{"embeddable":true,"href":"http:\/\/filiapajeczno.bpsieradz.pl\/index.php\/wp-json\/wp\/v2\/comments?post=581"}],"version-history":[{"count":4,"href":"http:\/\/filiapajeczno.bpsieradz.pl\/index.php\/wp-json\/wp\/v2\/posts\/581\/revisions"}],"predecessor-version":[{"id":599,"href":"http:\/\/filiapajeczno.bpsieradz.pl\/index.php\/wp-json\/wp\/v2\/posts\/581\/revisions\/599"}],"wp:featuredmedia":[{"embeddable":true,"href":"http:\/\/filiapajeczno.bpsieradz.pl\/index.php\/wp-json\/wp\/v2\/media\/597"}],"wp:attachment":[{"href":"http:\/\/filiapajeczno.bpsieradz.pl\/index.php\/wp-json\/wp\/v2\/media?parent=581"}],"wp:term":[{"taxonomy":"category","embeddable":true,"href":"http:\/\/filiapajeczno.bpsieradz.pl\/index.php\/wp-json\/wp\/v2\/categories?post=581"},{"taxonomy":"post_tag","embeddable":true,"href":"http:\/\/filiapajeczno.bpsieradz.pl\/index.php\/wp-json\/wp\/v2\/tags?post=581"}],"curies":[{"name":"wp","href":"https:\/\/api.w.org\/{rel}","templated":true}]}}