{"id":1006,"date":"2026-02-24T13:34:00","date_gmt":"2026-02-24T13:34:00","guid":{"rendered":"https:\/\/filiapajeczno.bpsieradz.pl\/?p=1006"},"modified":"2026-02-24T13:34:01","modified_gmt":"2026-02-24T13:34:01","slug":"swiatowy-dzien-kota","status":"publish","type":"post","link":"http:\/\/filiapajeczno.bpsieradz.pl\/index.php\/2026\/02\/24\/swiatowy-dzien-kota\/","title":{"rendered":"\u015awiatowy Dzie\u0144 Kota"},"content":{"rendered":"\n<p class=\"wp-block-paragraph\">Z okazji \u015awiatowego Dnia Kota, kt\u00f3ry przypada corocznie 17 lutego biblioteka pedagogiczna przygotowa\u0142a cykl zaj\u0119\u0107 po\u015bwi\u0119conych tym zwierz\u0105tkom. W zaj\u0119ciach bra\u0142y udzia\u0142&nbsp; przedszkolaki z Publicznego Przedszkola nr 1 oraz nr 2 w Paj\u0119cznie.<\/p>\n\n\n\n<p class=\"wp-block-paragraph\">Podczas zaj\u0119\u0107 dzieci pozna\u0142y cechy charakterystyczne tych zwierz\u0105t, opowiada\u0142y o swoich pupilach, dzieli\u0142y si\u0119 swoimi do\u015bwiadczeniami, opowiada\u0142y o swoich kotkach, o tym co jedz\u0105 i jak si\u0119 z nimi bawi\u0105. Nie zabrak\u0142o tak\u017ce kocich zabaw ruchowych, robi\u0142y kocie grzbiety, mrucza\u0142y, g\u0142aska\u0142y, drapa\u0142y. By\u0142o przy tym pe\u0142no u\u015bmiechu i rado\u015bci poprzez zabaw\u0119. Wsp\u00f3lne czytanie bajek takich jak \u201eKotka Milusia\u201d, \u201eKot w butach\u201d, \u201eKicia Kocia zostaje policjantk\u0105\u201d by\u0142o doskona\u0142\u0105 okazj\u0105 do rozm\u00f3w&nbsp; o tych mrucz\u0105cych zwierz\u0105tkach, a ka\u017cda bajka uczy nas empatii, szacunku, odpowiedzialno\u015bci, zrozumienia, troski wobec zwierz\u0105t i nie tylko. Stworzyli\u015bmy tak\u017ce ma\u0142\u0105 \u201ekoci\u0105 galeri\u0119\u201d&nbsp; dzi\u0119ki pi\u0119knym pracom plastycznym, kt\u00f3re przynios\u0142y do nas dzieci.<\/p>\n\n\n\n<p class=\"wp-block-paragraph\">\u015awiatowy Dzie\u0144 Kota to nie tylko zabawa, ale te\u017c nauka, rozwijanie empatii, kszta\u0142towanie odpowiedzialno\u015bci, uwra\u017cliwienie na potrzeby zwierz\u0105t, budowanie postawy opieku\u0144czej.<\/p>\n\n\n\n<p class=\"wp-block-paragraph\">Dzi\u0119kujemy za tak du\u017ce zainteresowanie oraz liczne i pe\u0142ne entuzjazmu spotkania. Cieszymy si\u0119, \u017ce mogli\u015bmy wsp\u00f3lnie \u015bwi\u0119towa\u0107 ten wyj\u0105tkowy dzie\u0144 i dzieli\u0107 si\u0119 rado\u015bci\u0105 czytania.<\/p>\n\n\n\nngg_shortcode_0_placeholder\n","protected":false},"excerpt":{"rendered":"<p>Z okazji \u015awiatowego Dnia Kota, kt\u00f3ry przypada corocznie 17 lutego biblioteka pedagogiczna przygotowa\u0142a cykl zaj\u0119\u0107 po\u015bwi\u0119conych tym zwierz\u0105tkom. W zaj\u0119ciach bra\u0142y udzia\u0142&nbsp; przedszkolaki z Publicznego Przedszkola nr 1 oraz nr &#8230;<\/p>\n","protected":false},"author":1,"featured_media":1022,"comment_status":"closed","ping_status":"open","sticky":false,"template":"","format":"standard","meta":{"_monsterinsights_skip_tracking":false,"ngg_post_thumbnail":0,"footnotes":""},"categories":[3],"tags":[],"class_list":["post-1006","post","type-post","status-publish","format-standard","has-post-thumbnail","hentry","category-aktualnosci"],"aioseo_notices":[],"rttpg_featured_image_url":{"full":["http:\/\/filiapajeczno.bpsieradz.pl\/wp-content\/uploads\/2026\/02\/KnIUhAOc.jpg",1152,2048,false],"landscape":["http:\/\/filiapajeczno.bpsieradz.pl\/wp-content\/uploads\/2026\/02\/KnIUhAOc.jpg",1152,2048,false],"portraits":["http:\/\/filiapajeczno.bpsieradz.pl\/wp-content\/uploads\/2026\/02\/KnIUhAOc.jpg",1152,2048,false],"thumbnail":["http:\/\/filiapajeczno.bpsieradz.pl\/wp-content\/uploads\/2026\/02\/KnIUhAOc-150x150.jpg",150,150,true],"medium":["http:\/\/filiapajeczno.bpsieradz.pl\/wp-content\/uploads\/2026\/02\/KnIUhAOc-169x300.jpg",169,300,true],"large":["http:\/\/filiapajeczno.bpsieradz.pl\/wp-content\/uploads\/2026\/02\/KnIUhAOc-576x1024.jpg",576,1024,true],"1536x1536":["http:\/\/filiapajeczno.bpsieradz.pl\/wp-content\/uploads\/2026\/02\/KnIUhAOc-864x1536.jpg",864,1536,true],"2048x2048":["http:\/\/filiapajeczno.bpsieradz.pl\/wp-content\/uploads\/2026\/02\/KnIUhAOc.jpg",1152,2048,false],"onepress-blog-small":["http:\/\/filiapajeczno.bpsieradz.pl\/wp-content\/uploads\/2026\/02\/KnIUhAOc-300x150.jpg",300,150,true],"onepress-small":["http:\/\/filiapajeczno.bpsieradz.pl\/wp-content\/uploads\/2026\/02\/KnIUhAOc-480x300.jpg",480,300,true],"onepress-medium":["http:\/\/filiapajeczno.bpsieradz.pl\/wp-content\/uploads\/2026\/02\/KnIUhAOc-640x400.jpg",640,400,true]},"rttpg_author":{"display_name":"admin","author_link":"http:\/\/filiapajeczno.bpsieradz.pl\/index.php\/author\/admin\/"},"rttpg_comment":0,"rttpg_category":"<a href=\"http:\/\/filiapajeczno.bpsieradz.pl\/index.php\/category\/aktualnosci\/\" rel=\"category tag\">Aktualno\u015bci<\/a>","rttpg_excerpt":"Z okazji \u015awiatowego Dnia Kota, kt\u00f3ry przypada corocznie 17 lutego biblioteka pedagogiczna przygotowa\u0142a cykl zaj\u0119\u0107 po\u015bwi\u0119conych tym zwierz\u0105tkom. W zaj\u0119ciach bra\u0142y udzia\u0142&nbsp; przedszkolaki z Publicznego Przedszkola nr 1 oraz nr ...","_links":{"self":[{"href":"http:\/\/filiapajeczno.bpsieradz.pl\/index.php\/wp-json\/wp\/v2\/posts\/1006","targetHints":{"allow":["GET"]}}],"collection":[{"href":"http:\/\/filiapajeczno.bpsieradz.pl\/index.php\/wp-json\/wp\/v2\/posts"}],"about":[{"href":"http:\/\/filiapajeczno.bpsieradz.pl\/index.php\/wp-json\/wp\/v2\/types\/post"}],"author":[{"embeddable":true,"href":"http:\/\/filiapajeczno.bpsieradz.pl\/index.php\/wp-json\/wp\/v2\/users\/1"}],"replies":[{"embeddable":true,"href":"http:\/\/filiapajeczno.bpsieradz.pl\/index.php\/wp-json\/wp\/v2\/comments?post=1006"}],"version-history":[{"count":1,"href":"http:\/\/filiapajeczno.bpsieradz.pl\/index.php\/wp-json\/wp\/v2\/posts\/1006\/revisions"}],"predecessor-version":[{"id":1023,"href":"http:\/\/filiapajeczno.bpsieradz.pl\/index.php\/wp-json\/wp\/v2\/posts\/1006\/revisions\/1023"}],"wp:featuredmedia":[{"embeddable":true,"href":"http:\/\/filiapajeczno.bpsieradz.pl\/index.php\/wp-json\/wp\/v2\/media\/1022"}],"wp:attachment":[{"href":"http:\/\/filiapajeczno.bpsieradz.pl\/index.php\/wp-json\/wp\/v2\/media?parent=1006"}],"wp:term":[{"taxonomy":"category","embeddable":true,"href":"http:\/\/filiapajeczno.bpsieradz.pl\/index.php\/wp-json\/wp\/v2\/categories?post=1006"},{"taxonomy":"post_tag","embeddable":true,"href":"http:\/\/filiapajeczno.bpsieradz.pl\/index.php\/wp-json\/wp\/v2\/tags?post=1006"}],"curies":[{"name":"wp","href":"https:\/\/api.w.org\/{rel}","templated":true}]}}